{"id":53370,"date":"2023-11-24T12:41:00","date_gmt":"2023-11-24T11:41:00","guid":{"rendered":"https:\/\/www.mijas.es\/portal\/?p=53370"},"modified":"2024-01-02T12:44:23","modified_gmt":"2024-01-02T11:44:23","slug":"mijas-acoge-el-acto-oficial-de-comienzo-de-la-gran-recogida-de-bancosol-2023","status":"publish","type":"post","link":"https:\/\/www.mijas.es\/portal\/mijas-acoge-el-acto-oficial-de-comienzo-de-la-gran-recogida-de-bancosol-2023\/","title":{"rendered":"Mijas acoge el acto oficial de comienzo de la Gran Recogida de Bancosol 2023"},"content":{"rendered":"\n<ul>\n<li>Unos 200 voluntarios y 18 establecimientos del municipio colaboran en esta cita solidaria que se lleva a cabo entre hoy y ma\u00f1ana<\/li>\n\n\n\n<li>El objetivo es superar en la provincia los 700.000 euros alcanzados el a\u00f1o pasado<\/li>\n<\/ul>\n\n\n\n<p><strong>Mijas, 24 de noviembre de 2023<\/strong>.- Mijas ha acogido este a\u00f1o el acto de comienzo de la Gran Recogida de Bancosol, que se lleva a cabo hoy y ma\u00f1ana s\u00e1bado 25 de noviembre. El Hipercor de Las Lagunas, uno de los puntos establecidos este a\u00f1o para la entrega de alimentos en la ciudad, ha sido el punto donde ha arrancado oficialmente esta campa\u00f1a, a la que ha asistido la alcaldesa del municipio, Ana Mata, el presidente de Bancosol M\u00e1laga, Diego V\u00e1zquez, la delegada territorial de Inclusi\u00f3n Social, Juventud, Familias e igualdad en M\u00e1laga, Ruth Sarabia, y el director de Relaciones Instituciones de El Corte Ingl\u00e9s, Eduardo Barrero.<\/p>\n\n\n\n<p>As\u00ed, la regidora ha destacado la importancia de participar en este tipo de iniciativas solidarias a beneficio de la poblaci\u00f3n malague\u00f1a m\u00e1s necesitada y se ha mostrado orgullosa tanto del elevado n\u00famero de voluntarios de este a\u00f1o como del volumen de establecimientos que van a colaborar, subrayando que \u201cMijas se ha volcado este a\u00f1o con la Gran Recogida\u201d.<\/p>\n\n\n\n<p>De hecho, ha se\u00f1alado que alrededor de 200 voluntarios participar\u00e1n este a\u00f1o en Mijas en la cita solidaria anual en la que, en esta ocasi\u00f3n, colaboran 18 establecimientos del municipio.<\/p>\n\n\n\n<p>Por su parte, el presidente de Bancosol ha agradecido la colaboraci\u00f3n a instituciones, comercios, voluntarios y personas que van a participar con aportaci\u00f3n, que gracias a todos ellos se espera superar los 700.000 euros acumulados el a\u00f1o pasado. El prop\u00f3sito no es otro que el de recaudar un n\u00famero mayor, para hacer frente a las necesidades de la poblaci\u00f3n.<\/p>\n\n\n\n<p>En este sentido, la delegada ha hecho hincapi\u00e9 en que las administraciones \u201cno son ajenas\u201d a las circunstancias econ\u00f3micas actuales que afectan a tantas familias, y que la colaboraci\u00f3n institucional con entidades que trabajan mano a mano y directamente con los m\u00e1s afectados es necesaria, por lo que \u201cla mano siempre est\u00e1 tendida\u201d en acciones como \u00e9sta.<\/p>\n\n\n\n<p>La gran Recogida es una iniciativa solidaria a nivel nacional promovida por la Federaci\u00f3n Espa\u00f1ola de Banco de Alimentos (FESBAL) surgida en los a\u00f1os m\u00e1s duros de la crisis econ\u00f3mica.<\/p>\n\n\n\n<p>En la actualidad se ha convertido en la mayor colecta anual de alimentos no perecederos que realizan los bancos de alimentos en nuestro pa\u00eds, auspiciada por Bancosol, que se sum\u00f3 a la iniciativa en el a\u00f1o 2012. Esta gran recogida se ha convertido en su acci\u00f3n m\u00e1s visible y en la mayor ocasi\u00f3n para concienciar a la ciudadan\u00eda sobre su trabajo.<\/p>\n\n\n\n<p>La recogida de alimentos es una labor esencial que muestra la generosidad y solidaridad de la comunidad. En este noble esfuerzo, personas de todos los \u00e1mbitos se unen para combatir el hambre y brindar esperanza a quienes m\u00e1s lo necesitan.<\/p>\n","protected":false},"excerpt":{"rendered":"<p>Mijas, 24 de noviembre de 2023.- Mijas ha acogido este a\u00f1o el acto de comienzo de la Gran Recogida de Bancosol, que se lleva a cabo hoy y ma\u00f1ana s\u00e1bado 25 de noviembre. El Hipercor de Las Lagunas, uno de los puntos establecidos este a\u00f1o para la entrega de alimentos en la ciudad, ha sido [&hellip;]<\/p>\n","protected":false},"author":18,"featured_media":53371,"comment_status":"closed","ping_status":"open","sticky":false,"template":"","format":"standard","meta":[],"categories":[19],"tags":[],"jetpack_featured_media_url":"https:\/\/www.mijas.es\/wp-content\/uploads\/2024\/01\/Bancosol_2.jpeg","_links":{"self":[{"href":"https:\/\/www.mijas.es\/portal\/wp-json\/wp\/v2\/posts\/53370"}],"collection":[{"href":"https:\/\/www.mijas.es\/portal\/wp-json\/wp\/v2\/posts"}],"about":[{"href":"https:\/\/www.mijas.es\/portal\/wp-json\/wp\/v2\/types\/post"}],"author":[{"embeddable":true,"href":"https:\/\/www.mijas.es\/portal\/wp-json\/wp\/v2\/users\/18"}],"replies":[{"embeddable":true,"href":"https:\/\/www.mijas.es\/portal\/wp-json\/wp\/v2\/comments?post=53370"}],"version-history":[{"count":2,"href":"https:\/\/www.mijas.es\/portal\/wp-json\/wp\/v2\/posts\/53370\/revisions"}],"predecessor-version":[{"id":53373,"href":"https:\/\/www.mijas.es\/portal\/wp-json\/wp\/v2\/posts\/53370\/revisions\/53373"}],"wp:featuredmedia":[{"embeddable":true,"href":"https:\/\/www.mijas.es\/portal\/wp-json\/wp\/v2\/media\/53371"}],"wp:attachment":[{"href":"https:\/\/www.mijas.es\/portal\/wp-json\/wp\/v2\/media?parent=53370"}],"wp:term":[{"taxonomy":"category","embeddable":true,"href":"https:\/\/www.mijas.es\/portal\/wp-json\/wp\/v2\/categories?post=53370"},{"taxonomy":"post_tag","embeddable":true,"href":"https:\/\/www.mijas.es\/portal\/wp-json\/wp\/v2\/tags?post=53370"}],"curies":[{"name":"wp","href":"https:\/\/api.w.org\/{rel}","templated":true}]}}