{"id":5292,"date":"2016-09-23T07:18:39","date_gmt":"2016-09-23T07:18:39","guid":{"rendered":"http:\/\/localhost\/pruebaweb\/?p=5292"},"modified":"2016-09-23T07:18:39","modified_gmt":"2016-09-23T07:18:39","slug":"a-partir-del-viernes-mijas-contara-con-el-ateneo-mijas-sociedad-y-cultura","status":"publish","type":"post","link":"https:\/\/www.mijas.es\/portal\/a-partir-del-viernes-mijas-contara-con-el-ateneo-mijas-sociedad-y-cultura\/","title":{"rendered":"A partir del viernes Mijas contar&aacute; con el &ldquo;Ateneo Mijas, sociedad y cultura&rdquo;"},"content":{"rendered":"<p>\n\tLa concejala de cultura, Fuensanta Lima, informa as\u00ed a los mije\u00f1os de la creaci\u00f3n de esta asociaci\u00f3n cultural en el municipio centrada en la divulgaci\u00f3n cultural, las artes y la pedagog\u00eda.&nbsp;<\/p>\n<p><\/p>\n<p>\n\t<strong>Mijas, 22 de septiembre de 2016.-<\/strong>Con el anuncio de la nueva inauguraci\u00f3n de la asociaci\u00f3n cultural \u00abAteneo Mijas, sociedad y cultura\u00bb, la delegada del \u00e1rea de turismo, Fuensanta Lima, acompa\u00f1ada de la secretaria de la asocaci\u00f3n Laura Mayo, han querido invitar a todos los mije\u00f1os a la presentaci\u00f3n que tendr\u00e1 lugar el pr\u00f3ximo viernes 23 de Septiembre en la Casa de la Cultura de Las Lagunas.<\/p>\n<p>\n\t&nbsp;<\/p>\n<p>\n\tLa inauguraci\u00f3n, que tendr\u00e1 lugar a las 20:15 horas, supone la introducci\u00f3n de un nuevo espacio cultural en el municipio&nbsp; que se centrar\u00e1 en las artes, la divulgaci\u00f3n y la pedagog\u00eda. Entre las actividades que se llevar\u00e1n a cabo, destacan la emisi\u00f3n de documentales, los ciclos de conferencias, la realizaci\u00f3n de mesas redondas o la creaci\u00f3n de talleres participativos.<\/p>\n<p>\n\t&nbsp;<\/p>\n<p>\n\tPara la concejala de cultura, \u00abes importante que desde el Ayuntamiento se apoye y ayude a promocionar este tipo de asociaciones que tanto tienen que aportar a nuestro municipio. Mijas se ha caracterizado siempre por su riqueza cultural y por la participaci\u00f3n de sus vecinos a trav\u00e9s de las distintas asociaciones y colectivos, por lo que nos alegramos de la inauguraci\u00f3n de este nuevo espacio con el que esperamos poder colaborar en la generaci\u00f3n de contenidos culturales y de los que se puedan beneficiar todos los mije\u00f1os\u00bb.<\/p>\n<p>\n\t&nbsp;<\/p>\n<p>\n\tPor su parte, Laura Mayo, en representaci\u00f3n de la nueva asociaci\u00f3n expuso que \u00abqueremos contar con todo el pueblo de Mijas adem\u00e1s de con las asociaciones, hacer de nexo de uni\u00f3n y promocionar la cultura en el municipio\u00bb y a\u00f1adi\u00f3 \u00abiniciamos este proyecto con unos 25 socios y esperamos ir creciendo a partir de ma\u00f1ana, por lo que animamos a todos los mije\u00f1os a incorporarse a las actividades que desde el Ateneo Mijas se realicen\u00bb.<\/p>\n<p>\n\t&nbsp;<\/p>\n<p>\n\tEste proyecto, nace con \u00abesp\u00edritu trovador\u00bb seg\u00fan explican sus componentes y con el objetivo de disfrutar de la cultura y el arte en todos los \u00e1mbitos de la vida, y detallan que&nbsp; en su p\u00e1gina web <a href=\"http:\/\/www.ateneomijas.org\/\">www.ateneomijas.org<\/a> los mije\u00f1os podr\u00e1n acceder a los contenidos que se vayan generando.<\/p>\n<p>\n\t&nbsp;<\/p>\n<p>\n\tPor \u00faltimo Lima, aprovech\u00f3 la ocasi\u00f3n para exponer que \u00abnuestro objetivo es que Mijas vuelva a ser el referente cultural que una vez fue, volver a dar la importancia que nunca deber\u00eda haber perdido el \u00e1rea, y que los mije\u00f1os puedan beneficiarse de ello\u00bb.<\/p>\n<p>\n\t&nbsp;<\/p>\n","protected":false},"excerpt":{"rendered":"<p>La concejala de cultura, Fuensanta Lima, informa as\u00ed a los mije\u00f1os de la creaci\u00f3n de esta asociaci\u00f3n cultural en el municipio centrada en la divulgaci\u00f3n cultural, las artes y la pedagog\u00eda.&nbsp; Mijas, 22 de septiembre de 2016.-Con el anuncio de la nueva inauguraci\u00f3n de la asociaci\u00f3n cultural \u00abAteneo Mijas, sociedad y cultura\u00bb, la delegada del [&hellip;]<\/p>\n","protected":false},"author":1,"featured_media":8285,"comment_status":"closed","ping_status":"open","sticky":false,"template":"","format":"standard","meta":[],"categories":[19],"tags":[],"jetpack_featured_media_url":"https:\/\/www.mijas.es\/wp-content\/uploads\/2016\/09\/Image5292.jpg","_links":{"self":[{"href":"https:\/\/www.mijas.es\/portal\/wp-json\/wp\/v2\/posts\/5292"}],"collection":[{"href":"https:\/\/www.mijas.es\/portal\/wp-json\/wp\/v2\/posts"}],"about":[{"href":"https:\/\/www.mijas.es\/portal\/wp-json\/wp\/v2\/types\/post"}],"author":[{"embeddable":true,"href":"https:\/\/www.mijas.es\/portal\/wp-json\/wp\/v2\/users\/1"}],"replies":[{"embeddable":true,"href":"https:\/\/www.mijas.es\/portal\/wp-json\/wp\/v2\/comments?post=5292"}],"version-history":[{"count":0,"href":"https:\/\/www.mijas.es\/portal\/wp-json\/wp\/v2\/posts\/5292\/revisions"}],"wp:featuredmedia":[{"embeddable":true,"href":"https:\/\/www.mijas.es\/portal\/wp-json\/wp\/v2\/media\/8285"}],"wp:attachment":[{"href":"https:\/\/www.mijas.es\/portal\/wp-json\/wp\/v2\/media?parent=5292"}],"wp:term":[{"taxonomy":"category","embeddable":true,"href":"https:\/\/www.mijas.es\/portal\/wp-json\/wp\/v2\/categories?post=5292"},{"taxonomy":"post_tag","embeddable":true,"href":"https:\/\/www.mijas.es\/portal\/wp-json\/wp\/v2\/tags?post=5292"}],"curies":[{"name":"wp","href":"https:\/\/api.w.org\/{rel}","templated":true}]}}