{"id":52792,"date":"2023-12-01T13:10:22","date_gmt":"2023-12-01T12:10:22","guid":{"rendered":"https:\/\/www.mijas.es\/portal\/?p=52792"},"modified":"2023-12-01T13:10:44","modified_gmt":"2023-12-01T12:10:44","slug":"el-centro-de-arte-contemporaneo-de-mijas-acoge-la-exposicion-aurelio-diaz-buly-a-picasso","status":"publish","type":"post","link":"https:\/\/www.mijas.es\/portal\/el-centro-de-arte-contemporaneo-de-mijas-acoge-la-exposicion-aurelio-diaz-buly-a-picasso\/","title":{"rendered":"El Centro de Arte Contempor\u00e1neo de Mijas acoge la exposici\u00f3n \u201cAurelio D\u00edaz-Buly: A Picasso\u201d"},"content":{"rendered":"\n<p>El <a href=\"https:\/\/cacmijas.info\/\" data-type=\"URL\" data-id=\"https:\/\/cacmijas.info\/\" target=\"_blank\" rel=\"noreferrer noopener\">Centro de Arte Contempor\u00e1neo de Mijas<\/a> celebra su d\u00e9cimo aniversario con la presentaci\u00f3n de la exposici\u00f3n temporal \u201cAurelio D\u00edaz-Buly: A Picasso\u201d. La muestra estar\u00e1 abierta al p\u00fablico desde el viernes 1 de diciembre hasta el 24 de enero.<\/p>\n","protected":false},"excerpt":{"rendered":"<p>El Centro de Arte Contempor\u00e1neo de Mijas celebra su d\u00e9cimo aniversario con la presentaci\u00f3n de la exposici\u00f3n temporal \u201cAurelio D\u00edaz-Buly: A Picasso\u201d. La muestra estar\u00e1 abierta al p\u00fablico desde el viernes 1 de diciembre hasta el 24 de enero.<\/p>\n","protected":false},"author":1,"featured_media":52793,"comment_status":"closed","ping_status":"open","sticky":false,"template":"","format":"standard","meta":[],"categories":[19],"tags":[],"jetpack_featured_media_url":"https:\/\/www.mijas.es\/wp-content\/uploads\/2023\/12\/CAC-Mijas.jpeg","_links":{"self":[{"href":"https:\/\/www.mijas.es\/portal\/wp-json\/wp\/v2\/posts\/52792"}],"collection":[{"href":"https:\/\/www.mijas.es\/portal\/wp-json\/wp\/v2\/posts"}],"about":[{"href":"https:\/\/www.mijas.es\/portal\/wp-json\/wp\/v2\/types\/post"}],"author":[{"embeddable":true,"href":"https:\/\/www.mijas.es\/portal\/wp-json\/wp\/v2\/users\/1"}],"replies":[{"embeddable":true,"href":"https:\/\/www.mijas.es\/portal\/wp-json\/wp\/v2\/comments?post=52792"}],"version-history":[{"count":1,"href":"https:\/\/www.mijas.es\/portal\/wp-json\/wp\/v2\/posts\/52792\/revisions"}],"predecessor-version":[{"id":52794,"href":"https:\/\/www.mijas.es\/portal\/wp-json\/wp\/v2\/posts\/52792\/revisions\/52794"}],"wp:featuredmedia":[{"embeddable":true,"href":"https:\/\/www.mijas.es\/portal\/wp-json\/wp\/v2\/media\/52793"}],"wp:attachment":[{"href":"https:\/\/www.mijas.es\/portal\/wp-json\/wp\/v2\/media?parent=52792"}],"wp:term":[{"taxonomy":"category","embeddable":true,"href":"https:\/\/www.mijas.es\/portal\/wp-json\/wp\/v2\/categories?post=52792"},{"taxonomy":"post_tag","embeddable":true,"href":"https:\/\/www.mijas.es\/portal\/wp-json\/wp\/v2\/tags?post=52792"}],"curies":[{"name":"wp","href":"https:\/\/api.w.org\/{rel}","templated":true}]}}