{"id":52789,"date":"2023-12-01T13:07:03","date_gmt":"2023-12-01T12:07:03","guid":{"rendered":"https:\/\/www.mijas.es\/portal\/?p=52789"},"modified":"2023-12-04T07:30:45","modified_gmt":"2023-12-04T06:30:45","slug":"mijas-planta-9-000-flores-ornamentales-para-su-decoracion-navidena","status":"publish","type":"post","link":"https:\/\/www.mijas.es\/portal\/mijas-planta-9-000-flores-ornamentales-para-su-decoracion-navidena\/","title":{"rendered":"Mijas planta 9.000 flores ornamentales para su decoraci\u00f3n navide\u00f1a"},"content":{"rendered":"\n<ul>\n<li><strong>3.000 pascueros y 6.000 cicl\u00e1menes en diferentes tonalidades embellecer\u00e1n<br>distintos puntos del municipio<\/strong><\/li>\n<\/ul>\n\n\n\n<p><br><strong>Mijas, 30 de noviembre de 2023<\/strong>.- El Ayuntamiento de Mijas ha engalanado diferentes<br>enclaves del municipio con 9.000 plantas de variadas tonalidades que completar\u00e1n la<br>decoraci\u00f3n navide\u00f1a.<br>Desde el Departamento de Parques y Jardines, coordinados con Renta B\u00e1sica, est\u00e1n<br>trabajando en estas tareas de plantaci\u00f3n que aportar\u00e1n colorido a la ciudad, fomentar\u00e1n<br>el turismo y beneficiar\u00e1n al comercio local mije\u00f1o.<br>Ser\u00e1n 6.000 y 3.000 cicl\u00e1menes y pascueros, respectivamente, los que adornar\u00e1n los<br>aleda\u00f1os de edificios simb\u00f3licos municipales y las plazas de Mijas. Se trata de especies<br>escogidas por su bajo consumo de agua y por su resistencia a factores climatol\u00f3gicos<br>adversos, lo que permitir\u00e1 una mayor durabilidad.<br>Los interiores de los edificios estar\u00e1n decorados tambi\u00e9n con flores de pascua y \u00e1rboles<br>navide\u00f1os confeccionados artesanalmente con restos vegetales secos.<br>Algunas de las dependencias municipales que se embellecer\u00e1n son: el Ayuntamiento de<br>Mijas, las Tenencias de Alcald\u00edas, la Casa de La Cultura, el Centro Cultural de la Cala, el<br>Teatro de Las Lagunas, los Hogares de jubilados, la Universidad Popular, los albergues,<br>Centro deportivos, Bomberos, Cruz Roja, Protecci\u00f3n Civil, Polic\u00eda, Edificio de Fomento,<br>entre otras.<br>Para este a\u00f1o, el Ayuntamiento de Mijas, acogi\u00e9ndose a la situaci\u00f3n de sequ\u00eda existente,<br>ha reducido el n\u00famero de ejemplares plantados.<\/p>\n","protected":false},"excerpt":{"rendered":"<p>Mijas, 30 de noviembre de 2023.- El Ayuntamiento de Mijas ha engalanado diferentesenclaves del municipio con 9.000 plantas de variadas tonalidades que completar\u00e1n ladecoraci\u00f3n navide\u00f1a.Desde el Departamento de Parques y Jardines, coordinados con Renta B\u00e1sica, est\u00e1ntrabajando en estas tareas de plantaci\u00f3n que aportar\u00e1n colorido a la ciudad, fomentar\u00e1nel turismo y beneficiar\u00e1n al comercio local mije\u00f1o.Ser\u00e1n [&hellip;]<\/p>\n","protected":false},"author":1,"featured_media":52790,"comment_status":"closed","ping_status":"open","sticky":false,"template":"","format":"standard","meta":[],"categories":[257],"tags":[],"jetpack_featured_media_url":"https:\/\/www.mijas.es\/wp-content\/uploads\/2023\/12\/Flores-navidad_1.jpeg","_links":{"self":[{"href":"https:\/\/www.mijas.es\/portal\/wp-json\/wp\/v2\/posts\/52789"}],"collection":[{"href":"https:\/\/www.mijas.es\/portal\/wp-json\/wp\/v2\/posts"}],"about":[{"href":"https:\/\/www.mijas.es\/portal\/wp-json\/wp\/v2\/types\/post"}],"author":[{"embeddable":true,"href":"https:\/\/www.mijas.es\/portal\/wp-json\/wp\/v2\/users\/1"}],"replies":[{"embeddable":true,"href":"https:\/\/www.mijas.es\/portal\/wp-json\/wp\/v2\/comments?post=52789"}],"version-history":[{"count":3,"href":"https:\/\/www.mijas.es\/portal\/wp-json\/wp\/v2\/posts\/52789\/revisions"}],"predecessor-version":[{"id":52805,"href":"https:\/\/www.mijas.es\/portal\/wp-json\/wp\/v2\/posts\/52789\/revisions\/52805"}],"wp:featuredmedia":[{"embeddable":true,"href":"https:\/\/www.mijas.es\/portal\/wp-json\/wp\/v2\/media\/52790"}],"wp:attachment":[{"href":"https:\/\/www.mijas.es\/portal\/wp-json\/wp\/v2\/media?parent=52789"}],"wp:term":[{"taxonomy":"category","embeddable":true,"href":"https:\/\/www.mijas.es\/portal\/wp-json\/wp\/v2\/categories?post=52789"},{"taxonomy":"post_tag","embeddable":true,"href":"https:\/\/www.mijas.es\/portal\/wp-json\/wp\/v2\/tags?post=52789"}],"curies":[{"name":"wp","href":"https:\/\/api.w.org\/{rel}","templated":true}]}}