{"id":52784,"date":"2023-11-30T12:04:16","date_gmt":"2023-11-30T11:04:16","guid":{"rendered":"https:\/\/www.mijas.es\/portal\/?p=52784"},"modified":"2023-11-30T12:05:16","modified_gmt":"2023-11-30T11:05:16","slug":"el-equipo-de-gobierno-del-ayuntamiento-de-mijas-denuncia-la-existencia-de-casi-2-000-facturas-sin-pagar-por-valor-de-16-millones-de-euros","status":"publish","type":"post","link":"https:\/\/www.mijas.es\/portal\/el-equipo-de-gobierno-del-ayuntamiento-de-mijas-denuncia-la-existencia-de-casi-2-000-facturas-sin-pagar-por-valor-de-16-millones-de-euros\/","title":{"rendered":"El equipo de gobierno del Ayuntamiento de Mijas denuncia la existencia de casi 2.000 facturas sin pagar por valor de 16 millones de euros"},"content":{"rendered":"\n<p>A ello hay que unir que, del remanente del que presum\u00eda el anterior regidor, s\u00f3lo se puede disponer de 160.000 euros, el 0,14% del total<\/p>\n\n\n\n<p>En el pleno ordinario celebrado esta ma\u00f1ana en el Ayuntamiento de Mijas, el equipo de gobierno ha denunciado la existencia de 1.909 facturas pendientes de pago, por un total de 15.943.186,87 euros a fecha de 31 de octubre de 2023.<\/p>\n\n\n\n<p>En este sentido, el portavoz del grupo municipal popular y concejal de Hacienda, Mario Bravo, ha querido dar cuenta p\u00fablica de la situaci\u00f3n financiera del consistorio, bas\u00e1ndose en el informe emitido por la Intervenci\u00f3n General. As\u00ed, Bravo ha incidido en que este hecho \u201cno nos extra\u00f1a, porque se viene incumpliendo el periodo m\u00e1ximo de pago de facturas desde junio de 2015, es decir, desde que el PP perdi\u00f3 la alcald\u00eda\u201d.<\/p>\n\n\n\n<p>Adem\u00e1s, ha a\u00f1adido que a partir de ahora se va a vigilar que se cumpla la Ley de Contrataci\u00f3n en todos los expedientes que se lleven a cabo en el Ayuntamiento mije\u00f1o.<\/p>\n\n\n\n<p>Asimismo, el portavoz ha lamentado la situaci\u00f3n exacta del remanente de tesorer\u00eda, ya que antes de la llegada del actual equipo de gobierno, el anterior alcalde presum\u00eda de unas cuentas saneadas con un \u201csuper\u00e1vit\u201d de 121 millones de euros y deuda cero, cuando \u201cla realidad, tal como refleja el informe de la Intervenci\u00f3n General, es que el remanente real disponible asciende solamente a 160.000 euros, es decir, el 0,14% del total.<\/p>\n\n\n\n<p>Por ello, Bravo ha se\u00f1alado que es necesario que los ciudadanos sepan que \u201chan comprometido el ahorro de los mije\u00f1os con proyectos que no se van a poder ejecutar por la gesti\u00f3n ineficaz del anterior gobierno municipal\u201d.<\/p>\n\n\n\n<p>En el pleno ordinario tambi\u00e9n se han incluido varios expedientes de car\u00e1cter econ\u00f3mico y urban\u00edstico y la aprobaci\u00f3n de la adenda al convenio interadministrativo entre el Patronato de Recaudaci\u00f3n Provincial y el Ayuntamiento de Mijas en materia de gesti\u00f3n respecto a las sanciones de la Polic\u00eda Local.<\/p>\n\n\n\n<p><strong>Reparto de delegaciones<\/strong><\/p>\n\n\n\n<p>En la sesi\u00f3n se ha aprobado, igualmente, la modificaci\u00f3n del reparto de delegaciones que responde, tal y como se ha explicado, a una cuesti\u00f3n de operatividad y eficacia, de manera que cada uno de los concejales asuma su responsabilidad de acuerdo a su especializaci\u00f3n y experiencia.<\/p>\n\n\n\n<p>En otro orden de cosas, ante las acusaciones vertidas por el grupo municipal socialista sobre la \u2018desaparici\u00f3n\u2019 del \u00c1rea de Igualdad y Diversidad, ha sido la propia alcaldesa, Ana Mata, que adem\u00e1s es responsable de esta \u00e1rea, quien ha respondido que la igualdad de oportunidades est\u00e1 por encima de cualquier bandera, sexo o ideolog\u00eda. \u201cEste equipo de gobierno cree en los principios fundamentales recogidos en la Constituci\u00f3n y vamos a trabajar para todas aquellas personas que necesitan cobertura, no s\u00f3lo para las mujeres que sufran violencia machista, sino tambi\u00e9n por sus hijos y familias\u201d, ha subrayado.<\/p>\n\n\n\n<p>Mata ha incidido en que le hubiera gustado que el grupo municipal socialista hubiese sido tan vehemente en su postura con la Ley del solo s\u00ed es s\u00ed, \u201cuna ley que ha causado mucho dolor a las mujeres. Hay que ser coherentes y, si quieren defender a las mujeres, lo tienen que hacer a pesar de las siglas\u201d. As\u00ed, ha desmentido que el Centro Municipal de Informaci\u00f3n a la Mujer vaya a desaparecer, sino que se va a reforzar con el convenido con la Junta de Andaluc\u00eda.<\/p>\n\n\n\n<p><strong>Distribuci\u00f3n de delegaciones<\/strong><\/p>\n\n\n\n<p>\u00c1rea de Gobierno, Familia e Igualdad de Oportunidades. D\u00f1a. Ana Mata Rico.<\/p>\n\n\n\n<p>\u00c1rea de Presidencia, Polic\u00eda Local, Bomberos, Protecci\u00f3n Civil y Turismo: Interior, Residencial y Gesti\u00f3n de la Oficina de Turismo. Urbanizaciones. Primer Teniente de Alcalde. D. Juan Carlos Cuevas Dawson.<\/p>\n\n\n\n<p>\u00c1rea de Cultura, Comercio, Desarrollo Econ\u00f3mico, Fomento de Empleo, Promoci\u00f3n Tur\u00edstica del Municipio, Oficina de Captaci\u00f3n de Fondos Europeos e Inversiones, Agricultura, Caza y Pesca. Tenencia de Alcald\u00eda de la Cala. Segundo Teniente de Alcalde. D. Juan Carlos Maldonado Est\u00e9vez.<\/p>\n\n\n\n<p>\u00c1rea de Urbanismo, Vivienda, Patrimonio, Responsabilidad Patrimonial y Patrimonio Hist\u00f3rico. D\u00f1a. Lourdes Burgos Rosa.<\/p>\n\n\n\n<p>\u00c1rea de Econom\u00eda y Hacienda, Estad\u00edstica, Extranjeros, Recursos Humanos, Infracciones y Sanciones. D. Mario Bravo Ramos.<\/p>\n\n\n\n<p>\u00c1rea de Infraestructuras, Obras, Eficiencia Energ\u00e9tica, Modernizaci\u00f3n Digital y R\u00e9gimen Interior: Asesor\u00eda Jur\u00eddica, Atenci\u00f3n Ciudadana, Archivo, Contrataci\u00f3n y Parejas de Hecho. D. Juan Jos\u00e9 Torres Trella.<\/p>\n\n\n\n<p>\u00c1rea de Inclusi\u00f3n Social, Educaci\u00f3n y Universidad Popular. D\u00f1a. Melisa Manuela Ceballos Mercado.<\/p>\n\n\n\n<p>\u00c1rea de Fiestas y Tradiciones, Mayores, Participaci\u00f3n Ciudadana, Mercado y Venta Ambulante. D\u00f1a. Silvia Mar\u00edn Serrano.<\/p>\n\n\n\n<p>\u00c1rea de Servicios Operativos, Instalaciones El\u00e9ctricas, Playas, Parques y Jardines. D. Daniel Jes\u00fas G\u00f3mez Teruel.<\/p>\n\n\n\n<p>\u00c1rea de Movilidad Urbana, Medio Ambiente, Bienestar Animal, Sanidad y Consumo. D. Marcos Cort\u00e9s Mill\u00e1n.<\/p>\n\n\n\n<p>\u00c1rea de Limpieza Viaria, Ganader\u00eda y Zonas Rurales. Teniente de Alcalde de Las lagunas. D. Eloy Belmonte Valenzuela.<\/p>\n\n\n\n<p>\u00c1rea de Deportes, Juventud, Gesti\u00f3n de la V\u00eda P\u00fablica y Cementerio. D\u00f1a. Mar\u00eda Francisca Alarc\u00f3n Leiva.<\/p>\n","protected":false},"excerpt":{"rendered":"<p>A ello hay que unir que, del remanente del que presum\u00eda el anterior regidor, s\u00f3lo se puede disponer de 160.000 euros, el 0,14% del total En el pleno ordinario celebrado esta ma\u00f1ana en el Ayuntamiento de Mijas, el equipo de gobierno ha denunciado la existencia de 1.909 facturas pendientes de pago, por un total de [&hellip;]<\/p>\n","protected":false},"author":15,"featured_media":52786,"comment_status":"closed","ping_status":"open","sticky":false,"template":"","format":"standard","meta":[],"categories":[19],"tags":[],"jetpack_featured_media_url":"https:\/\/www.mijas.es\/wp-content\/uploads\/2023\/11\/Pleno-291123.jpg","_links":{"self":[{"href":"https:\/\/www.mijas.es\/portal\/wp-json\/wp\/v2\/posts\/52784"}],"collection":[{"href":"https:\/\/www.mijas.es\/portal\/wp-json\/wp\/v2\/posts"}],"about":[{"href":"https:\/\/www.mijas.es\/portal\/wp-json\/wp\/v2\/types\/post"}],"author":[{"embeddable":true,"href":"https:\/\/www.mijas.es\/portal\/wp-json\/wp\/v2\/users\/15"}],"replies":[{"embeddable":true,"href":"https:\/\/www.mijas.es\/portal\/wp-json\/wp\/v2\/comments?post=52784"}],"version-history":[{"count":1,"href":"https:\/\/www.mijas.es\/portal\/wp-json\/wp\/v2\/posts\/52784\/revisions"}],"predecessor-version":[{"id":52785,"href":"https:\/\/www.mijas.es\/portal\/wp-json\/wp\/v2\/posts\/52784\/revisions\/52785"}],"wp:featuredmedia":[{"embeddable":true,"href":"https:\/\/www.mijas.es\/portal\/wp-json\/wp\/v2\/media\/52786"}],"wp:attachment":[{"href":"https:\/\/www.mijas.es\/portal\/wp-json\/wp\/v2\/media?parent=52784"}],"wp:term":[{"taxonomy":"category","embeddable":true,"href":"https:\/\/www.mijas.es\/portal\/wp-json\/wp\/v2\/categories?post=52784"},{"taxonomy":"post_tag","embeddable":true,"href":"https:\/\/www.mijas.es\/portal\/wp-json\/wp\/v2\/tags?post=52784"}],"curies":[{"name":"wp","href":"https:\/\/api.w.org\/{rel}","templated":true}]}}