{"id":52776,"date":"2023-11-30T11:54:51","date_gmt":"2023-11-30T10:54:51","guid":{"rendered":"https:\/\/www.mijas.es\/portal\/?p=52776"},"modified":"2023-11-30T11:58:19","modified_gmt":"2023-11-30T10:58:19","slug":"los-juegos-deportivos-municipales-comienzan-este-sabado-con-la-i-jornada-de-karate","status":"publish","type":"post","link":"https:\/\/www.mijas.es\/portal\/los-juegos-deportivos-municipales-comienzan-este-sabado-con-la-i-jornada-de-karate\/","title":{"rendered":"Los Juegos Deportivos Municipales comienzan este s\u00e1bado con la I Jornada de K\u00e1rate"},"content":{"rendered":"\n<p><\/p>\n\n\n\n<p><\/p>\n\n\n\n<p>Este s\u00e1bado 2 de diciembre, a partir de las 10 de la ma\u00f1ana, se celebrar\u00e1 en el pabell\u00f3n de la Ciudad Deportiva Regino Hern\u00e1ndez de Las Lagunas la primera de las tres pruebas de k\u00e1rate que se integran en los Juegos Deportivos Municipales.<\/p>\n\n\n\n<p>Como cada a\u00f1o, karatecas de la escuela municipal y de clubes que llegan desde diferentes puntos de la provincia pondr\u00e1n a prueba lo aprendido y exhibir\u00e1n sus mejores katas. Los resultados de las tres pruebas que se disputar\u00e1n ser\u00e1n acumulables y los premios se entregar\u00e1n en la Gala del Deporte.<\/p>\n","protected":false},"excerpt":{"rendered":"<p>Este s\u00e1bado 2 de diciembre, a partir de las 10 de la ma\u00f1ana, se celebrar\u00e1 en el pabell\u00f3n de la Ciudad Deportiva Regino Hern\u00e1ndez de Las Lagunas la primera de las tres pruebas de k\u00e1rate que se integran en los Juegos Deportivos Municipales. Como cada a\u00f1o, karatecas de la escuela municipal y de clubes que [&hellip;]<\/p>\n","protected":false},"author":15,"featured_media":52780,"comment_status":"closed","ping_status":"open","sticky":false,"template":"","format":"standard","meta":[],"categories":[19],"tags":[],"jetpack_featured_media_url":"https:\/\/www.mijas.es\/wp-content\/uploads\/2023\/11\/1JORNADAkarate.png","_links":{"self":[{"href":"https:\/\/www.mijas.es\/portal\/wp-json\/wp\/v2\/posts\/52776"}],"collection":[{"href":"https:\/\/www.mijas.es\/portal\/wp-json\/wp\/v2\/posts"}],"about":[{"href":"https:\/\/www.mijas.es\/portal\/wp-json\/wp\/v2\/types\/post"}],"author":[{"embeddable":true,"href":"https:\/\/www.mijas.es\/portal\/wp-json\/wp\/v2\/users\/15"}],"replies":[{"embeddable":true,"href":"https:\/\/www.mijas.es\/portal\/wp-json\/wp\/v2\/comments?post=52776"}],"version-history":[{"count":4,"href":"https:\/\/www.mijas.es\/portal\/wp-json\/wp\/v2\/posts\/52776\/revisions"}],"predecessor-version":[{"id":52783,"href":"https:\/\/www.mijas.es\/portal\/wp-json\/wp\/v2\/posts\/52776\/revisions\/52783"}],"wp:featuredmedia":[{"embeddable":true,"href":"https:\/\/www.mijas.es\/portal\/wp-json\/wp\/v2\/media\/52780"}],"wp:attachment":[{"href":"https:\/\/www.mijas.es\/portal\/wp-json\/wp\/v2\/media?parent=52776"}],"wp:term":[{"taxonomy":"category","embeddable":true,"href":"https:\/\/www.mijas.es\/portal\/wp-json\/wp\/v2\/categories?post=52776"},{"taxonomy":"post_tag","embeddable":true,"href":"https:\/\/www.mijas.es\/portal\/wp-json\/wp\/v2\/tags?post=52776"}],"curies":[{"name":"wp","href":"https:\/\/api.w.org\/{rel}","templated":true}]}}