{"id":52759,"date":"2023-11-29T13:09:56","date_gmt":"2023-11-29T12:09:56","guid":{"rendered":"https:\/\/www.mijas.es\/portal\/?p=52759"},"modified":"2023-11-29T13:09:58","modified_gmt":"2023-11-29T12:09:58","slug":"el-cp-mijas-las-lagunas-presenta-a-su-cantera-para-esta-temporada-2023-24","status":"publish","type":"post","link":"https:\/\/www.mijas.es\/portal\/el-cp-mijas-las-lagunas-presenta-a-su-cantera-para-esta-temporada-2023-24\/","title":{"rendered":"El CP Mijas-Las Lagunas presenta a su cantera para esta temporada 2023\/24"},"content":{"rendered":"\n<ul>\n<li>La alcaldesa, Ana Mata, asisti\u00f3 al acto que tuvo lugar ayer martes en el campo \u201cJuan Gambero Culebra\u201d<\/li>\n\n\n\n<li>Un total de 450 futbolistas y m\u00e1s de 50 entrenadores integran el club<\/li>\n<\/ul>\n\n\n\n<p><strong>Mijas, 29 de noviembre de 2023.- <\/strong>El Club Polideportivo Mijas-Las Lagunas present\u00f3 ayer por la tarde, de manera oficial, a su cantera para esta temporada 2023\/24. El acto tuvo lugar en el campo principal de la Ciudad Deportiva Regino Hern\u00e1ndez de Las Lagunas, el \u201cJuan Gambero Culebra\u201d. Este a\u00f1o son 25 los equipos federados que conforman el club, con un total de 450 deportistas y m\u00e1s de 50 entrenadores.<\/p>\n\n\n\n<p>La alcaldesa mije\u00f1a, Ana Mata, asisti\u00f3 a la presentaci\u00f3n junto a la concejala responsable del \u00e1rea de deportes, Mar\u00eda Francisca Alarc\u00f3n, y algunos miembros del equipo de gobierno, para mostrar su apoyo y desearles muchos \u00e9xitos en esta temporada en las que est\u00e1 inmersos cada uno de los equipos.<\/p>\n\n\n<div class=\"wp-block-image\">\n<figure class=\"alignleft size-large is-resized\"><img decoding=\"async\" src=\"https:\/\/www.mijas.es\/wp-content\/uploads\/2023\/11\/Equipo-Senior-masculino-1024x683.jpg\" alt=\"\" class=\"wp-image-52757\" width=\"488\" height=\"325\" srcset=\"https:\/\/www.mijas.es\/wp-content\/uploads\/2023\/11\/Equipo-Senior-masculino-1024x683.jpg 1024w, https:\/\/www.mijas.es\/wp-content\/uploads\/2023\/11\/Equipo-Senior-masculino-300x200.jpg 300w, https:\/\/www.mijas.es\/wp-content\/uploads\/2023\/11\/Equipo-Senior-masculino-768x512.jpg 768w, https:\/\/www.mijas.es\/wp-content\/uploads\/2023\/11\/Equipo-Senior-masculino-1536x1024.jpg 1536w, https:\/\/www.mijas.es\/wp-content\/uploads\/2023\/11\/Equipo-Senior-masculino-2048x1365.jpg 2048w\" sizes=\"(max-width: 488px) 100vw, 488px\" \/><\/figure><\/div>\n\n\n<p>La regidora ha resaltado el gran n\u00famero de chicos y chicas que pertenecen a este club \u201cla cifra llama la atenci\u00f3n y sobre todo destaca la afici\u00f3n que existe al deporte, pero principalmente al f\u00fatbol, y no solamente el f\u00fatbol masculino sino el femenino. Hemos visto tambi\u00e9n como los equipos femeninos van creciendo y eso es un orgullo de que Mijas tambi\u00e9n las mujeres, las ni\u00f1as, se vayan sumando a un deporte que, principal, ha sido muy masculino y sobre todo yo creo que gozamos de una salud importante en materia de deporte.\u201d<\/p>\n\n\n\n<p>El club lagunero es uno de los que m\u00e1s jugadores alberga de la provincia, contando con equipos federados en todas las categor\u00edas, desde el equipo baby hasta el senior, que cuenta con tres equipos, dos masculinos y uno femenino. El club lo completan los pre-benjamines, benjamines y alevines, con cuatro equipos cada uno; los cuatro infantiles, incluyendo el femenino, los tres cadetes y los dos juveniles.<\/p>\n\n\n\n<p>Con respecto a la temporada anterior, cabe destacar la ampliaci\u00f3n del n\u00famero de equipos femeninos, sumando la categor\u00eda infantil (f\u00fatbol 7) a las ya existentes del cadete, que ha pasado a jugar f\u00fatbol 11 y el senior, que compite en f\u00fatbol 7. Este hecho refuerza la apuesta por el f\u00fatbol femenino que, tras los \u00e9xitos cosechados por la Selecci\u00f3n Espa\u00f1ola, ha visto como se ha incrementado el n\u00famero de ni\u00f1as que quieren practicar este deporte.<\/p>\n\n\n<div class=\"wp-block-image\">\n<figure class=\"alignright size-large is-resized\"><img decoding=\"async\" src=\"https:\/\/www.mijas.es\/wp-content\/uploads\/2023\/11\/Equipo-cadete-femenino-1024x687.jpg\" alt=\"\" class=\"wp-image-52756\" width=\"514\" height=\"345\" srcset=\"https:\/\/www.mijas.es\/wp-content\/uploads\/2023\/11\/Equipo-cadete-femenino-1024x687.jpg 1024w, https:\/\/www.mijas.es\/wp-content\/uploads\/2023\/11\/Equipo-cadete-femenino-300x201.jpg 300w, https:\/\/www.mijas.es\/wp-content\/uploads\/2023\/11\/Equipo-cadete-femenino-768x515.jpg 768w, https:\/\/www.mijas.es\/wp-content\/uploads\/2023\/11\/Equipo-cadete-femenino-1536x1030.jpg 1536w, https:\/\/www.mijas.es\/wp-content\/uploads\/2023\/11\/Equipo-cadete-femenino.jpg 2000w\" sizes=\"(max-width: 514px) 100vw, 514px\" \/><\/figure><\/div>\n\n\n<p>La alcaldesa mije\u00f1a ha destacado la importancia del deporte ya que \u201cno solamente es saludable para el cuerpo sino tambi\u00e9n como modelo de vida que te da valores como la disciplina, la responsabilidad, el trabajo en equipo y eso sin duda alguna forma parte de la educaci\u00f3n de los mas peque\u00f1os pero tambi\u00e9n de los mayores.\u201d<\/p>\n\n\n\n<p>En cuanto a las instalaciones deportivas, Mata, ha insistido en que \u201chay que trabajar en instalaciones, en infraestructuras deportivas, no solamente dotando de equipamiento a los distintos clubs sino tambi\u00e9n de instalaciones deportivas donde todo el mundo tenga la oportunidad de practicar el deporte all\u00ed donde se encuentre dentro el territorio de Mijas. Es quiz\u00e1s una de las asignaturas pendientes que vamos a tener en cuenta el nuevo equipo de gobierno para trabajar en estos tres a\u00f1os que nos quedan de mandato.\u201d<\/p>\n\n\n\n<p><strong>Equipos de m\u00e1ximo nivel<\/strong><\/p>\n\n\n\n<p>El equipo senior masculino es el \u00fanico del municipio que milita actualmente en Divisi\u00f3n de Honor y se proclam\u00f3 campe\u00f3n de la Copa Andaluc\u00eda el pasado mes de septiembre, logrando adem\u00e1s un hecho hist\u00f3rico como fue competir por primera vez en una fase previa de la Copa del Rey. Los refuerzos de esta temporada tienen como objetivo el ascenso a 3\u00aa RFEF, algo que estuvo a punto de conseguir la temporada pasada.<\/p>\n\n\n\n<p>El \u00e9xito del equipo masculino senior motiva a los jugadores de categor\u00edas inferiores, quienes ven en ellos un ejemplo a seguir.<\/p>\n\n\n\n<p>Cabe resaltar tambi\u00e9n al juvenil B, quien se proclam\u00f3 campe\u00f3n de la Copa Diputaci\u00f3n y en general cada uno de los equipos, que compiten cada fin de semana demostrando el gran trabajo que hacen en los entrenamientos, dej\u00e1ndose la piel por defender un mismo escudo.<\/p>\n","protected":false},"excerpt":{"rendered":"<p>Mijas, 29 de noviembre de 2023.- El Club Polideportivo Mijas-Las Lagunas present\u00f3 ayer por la tarde, de manera oficial, a su cantera para esta temporada 2023\/24. El acto tuvo lugar en el campo principal de la Ciudad Deportiva Regino Hern\u00e1ndez de Las Lagunas, el \u201cJuan Gambero Culebra\u201d. Este a\u00f1o son 25 los equipos federados que [&hellip;]<\/p>\n","protected":false},"author":9,"featured_media":52758,"comment_status":"closed","ping_status":"open","sticky":false,"template":"","format":"standard","meta":[],"categories":[1,6,19],"tags":[],"jetpack_featured_media_url":"https:\/\/www.mijas.es\/wp-content\/uploads\/2023\/11\/Foto-cantera-CP-Mijas-Las-Lagunas-scaled.jpg","_links":{"self":[{"href":"https:\/\/www.mijas.es\/portal\/wp-json\/wp\/v2\/posts\/52759"}],"collection":[{"href":"https:\/\/www.mijas.es\/portal\/wp-json\/wp\/v2\/posts"}],"about":[{"href":"https:\/\/www.mijas.es\/portal\/wp-json\/wp\/v2\/types\/post"}],"author":[{"embeddable":true,"href":"https:\/\/www.mijas.es\/portal\/wp-json\/wp\/v2\/users\/9"}],"replies":[{"embeddable":true,"href":"https:\/\/www.mijas.es\/portal\/wp-json\/wp\/v2\/comments?post=52759"}],"version-history":[{"count":1,"href":"https:\/\/www.mijas.es\/portal\/wp-json\/wp\/v2\/posts\/52759\/revisions"}],"predecessor-version":[{"id":52760,"href":"https:\/\/www.mijas.es\/portal\/wp-json\/wp\/v2\/posts\/52759\/revisions\/52760"}],"wp:featuredmedia":[{"embeddable":true,"href":"https:\/\/www.mijas.es\/portal\/wp-json\/wp\/v2\/media\/52758"}],"wp:attachment":[{"href":"https:\/\/www.mijas.es\/portal\/wp-json\/wp\/v2\/media?parent=52759"}],"wp:term":[{"taxonomy":"category","embeddable":true,"href":"https:\/\/www.mijas.es\/portal\/wp-json\/wp\/v2\/categories?post=52759"},{"taxonomy":"post_tag","embeddable":true,"href":"https:\/\/www.mijas.es\/portal\/wp-json\/wp\/v2\/tags?post=52759"}],"curies":[{"name":"wp","href":"https:\/\/api.w.org\/{rel}","templated":true}]}}