{"id":52749,"date":"2023-11-28T13:33:26","date_gmt":"2023-11-28T12:33:26","guid":{"rendered":"https:\/\/www.mijas.es\/portal\/?p=52749"},"modified":"2023-11-29T09:58:05","modified_gmt":"2023-11-29T08:58:05","slug":"cultura-organiza-la-xxv-muestra-de-belenes-villa-de-mijas","status":"publish","type":"post","link":"https:\/\/www.mijas.es\/portal\/cultura-organiza-la-xxv-muestra-de-belenes-villa-de-mijas\/","title":{"rendered":"Cultura organiza la XXV Muestra de Belenes Villa de Mijas"},"content":{"rendered":"\n<p>El \u00e1rea de Cultura del Ayuntamiento de Mijas retoma un a\u00f1o m\u00e1s la Muestra de Belenes Villa de Mijas. Ya son veinticinco las ediciones de este certamen, que tiene como fin continuar con la tradici\u00f3n de montar el bel\u00e9n por Navidad.<\/p>\n\n\n\n<p><br>Los participantes tienen hasta el 11 de diciembre para inscribirse en la categor\u00eda correspondiente: Asociaciones, pe\u00f1as y hermandades; colegios y familiares.<\/p>\n\n\n\n<p>Todos aquellos interesados pueden consultar las bases <a href=\"https:\/\/www.mijas.es\/wp-content\/uploads\/2023\/11\/Cartel-Muestra-de-Belenes-2023.pdf\" target=\"_blank\" rel=\"noreferrer noopener\">aqu\u00ed<\/a>.<\/p>\n","protected":false},"excerpt":{"rendered":"<p>El \u00e1rea de Cultura del Ayuntamiento de Mijas retoma un a\u00f1o m\u00e1s la Muestra de Belenes Villa de Mijas. Ya son veinticinco las ediciones de este certamen, que tiene como fin continuar con la tradici\u00f3n de montar el bel\u00e9n por Navidad. Los participantes tienen hasta el 11 de diciembre para inscribirse en la categor\u00eda correspondiente: [&hellip;]<\/p>\n","protected":false},"author":9,"featured_media":52748,"comment_status":"closed","ping_status":"open","sticky":false,"template":"","format":"standard","meta":[],"categories":[1,10,19],"tags":[],"jetpack_featured_media_url":"https:\/\/www.mijas.es\/wp-content\/uploads\/2023\/11\/Muestra-de-Belenes.jpg","_links":{"self":[{"href":"https:\/\/www.mijas.es\/portal\/wp-json\/wp\/v2\/posts\/52749"}],"collection":[{"href":"https:\/\/www.mijas.es\/portal\/wp-json\/wp\/v2\/posts"}],"about":[{"href":"https:\/\/www.mijas.es\/portal\/wp-json\/wp\/v2\/types\/post"}],"author":[{"embeddable":true,"href":"https:\/\/www.mijas.es\/portal\/wp-json\/wp\/v2\/users\/9"}],"replies":[{"embeddable":true,"href":"https:\/\/www.mijas.es\/portal\/wp-json\/wp\/v2\/comments?post=52749"}],"version-history":[{"count":2,"href":"https:\/\/www.mijas.es\/portal\/wp-json\/wp\/v2\/posts\/52749\/revisions"}],"predecessor-version":[{"id":52753,"href":"https:\/\/www.mijas.es\/portal\/wp-json\/wp\/v2\/posts\/52749\/revisions\/52753"}],"wp:featuredmedia":[{"embeddable":true,"href":"https:\/\/www.mijas.es\/portal\/wp-json\/wp\/v2\/media\/52748"}],"wp:attachment":[{"href":"https:\/\/www.mijas.es\/portal\/wp-json\/wp\/v2\/media?parent=52749"}],"wp:term":[{"taxonomy":"category","embeddable":true,"href":"https:\/\/www.mijas.es\/portal\/wp-json\/wp\/v2\/categories?post=52749"},{"taxonomy":"post_tag","embeddable":true,"href":"https:\/\/www.mijas.es\/portal\/wp-json\/wp\/v2\/tags?post=52749"}],"curies":[{"name":"wp","href":"https:\/\/api.w.org\/{rel}","templated":true}]}}