{"id":52736,"date":"2023-11-27T13:50:14","date_gmt":"2023-11-27T12:50:14","guid":{"rendered":"https:\/\/www.mijas.es\/portal\/?p=52736"},"modified":"2023-11-27T13:51:13","modified_gmt":"2023-11-27T12:51:13","slug":"mijas-recibira-de-la-diputacion-un-millon-de-euros-para-financiar-la-mejora-del-acceso-a-la-zona-de-osunillas","status":"publish","type":"post","link":"https:\/\/www.mijas.es\/portal\/mijas-recibira-de-la-diputacion-un-millon-de-euros-para-financiar-la-mejora-del-acceso-a-la-zona-de-osunillas\/","title":{"rendered":"Mijas recibir\u00e1 de la Diputaci\u00f3n un mill\u00f3n de euros para financiar la mejora del acceso a la zona de Osunillas"},"content":{"rendered":"\n<ul>\n<li>Esta actuaci\u00f3n supondr\u00e1 mejorar la seguridad vial en la entrada de esta barriada, que actualmente entra\u00f1a peligros a los usuarios de esta carretera<\/li>\n<\/ul>\n\n\n\n<p><strong>Mijas, 27 de noviembre de 2023.- <\/strong>El Ayuntamiento de Mijas recibir\u00e1 de la Diputaci\u00f3n de M\u00e1laga un mill\u00f3n de euros para financiar la mejora del acceso a la zona de Osunillas, tal y como consta en los Presupuestos aprobados por la instituci\u00f3n provincial para el ejercicio 2024.<\/p>\n\n\n\n<p>Esta ayuda forma parte de un plan puesto en marcha por la instituci\u00f3n provincial en 2022 para los 16 municipios mayores de 20.000 habitantes de la provincia cara a fomentar la mejora de infraestructuras y equipamientos en todas las localidades de la provincia. El Ayuntamiento de Mijas a\u00fan no ha recibido estos fondos al no contar el proyecto con toda la documentaci\u00f3n reglamentaria, lo que se ha solventado con las gestiones del actual equipo de gobierno.<\/p>\n\n\n\n<p>El objetivo principal de actuar en la zona de Osunillas, en el acceso de la Ermitica, es mejorar la seguridad vial en la entrada a esta barriada mije\u00f1a que actualmente cuenta con un cambio de rasante peligroso que dificulta la visibilidad y entra\u00f1a riesgos para los usuarios.<\/p>\n\n\n\n<p>La superficie de actuaci\u00f3n es de 19.000 metros cuadrados y, al afectar a viario y a zona verde p\u00fablica, se ha tenido que modificar (realizar una innovaci\u00f3n) el Plan General de Ordenaci\u00f3n Urban\u00edstica (PGOU) de 1999, en lo relativo a la zona de Osunillas. Para ello, ha sido imprescindible el cambio de titularidad de dicho viario y la evaluaci\u00f3n ambiental, ya que existe una zona verde muy degradada y, con esta actuaci\u00f3n, se generar\u00e1 un h\u00e1bitat de inter\u00e9s comunitario con especies aut\u00f3ctonas.<\/p>\n\n\n\n<p>La aprobaci\u00f3n provisional en pleno tuvo lugar en febrero de 2021. Tras recibir de la Junta de Andaluc\u00eda la declaraci\u00f3n ambiental estrat\u00e9gica de la innovaci\u00f3n del PGOU, ahora debe aprobarse en la Comisi\u00f3n Provincial de Coordinaci\u00f3n Urban\u00edstica.<\/p>\n\n\n<div class=\"wp-block-image\">\n<figure class=\"alignleft size-large is-resized\"><img decoding=\"async\" src=\"https:\/\/www.mijas.es\/wp-content\/uploads\/2023\/11\/Osunillas_2-1024x819.jpg\" alt=\"\" class=\"wp-image-52735\" width=\"386\" height=\"308\" srcset=\"https:\/\/www.mijas.es\/wp-content\/uploads\/2023\/11\/Osunillas_2-1024x819.jpg 1024w, https:\/\/www.mijas.es\/wp-content\/uploads\/2023\/11\/Osunillas_2-300x240.jpg 300w, https:\/\/www.mijas.es\/wp-content\/uploads\/2023\/11\/Osunillas_2-768x614.jpg 768w, https:\/\/www.mijas.es\/wp-content\/uploads\/2023\/11\/Osunillas_2-1536x1229.jpg 1536w, https:\/\/www.mijas.es\/wp-content\/uploads\/2023\/11\/Osunillas_2-2048x1638.jpg 2048w\" sizes=\"(max-width: 386px) 100vw, 386px\" \/><\/figure><\/div>\n\n\n<p>Una vez aprobada y comunicada a la Diputaci\u00f3n la aprobaci\u00f3n definitiva de la disponibilidad por parte del Ayuntamiento de este terreno, la instituci\u00f3n provincial ya podr\u00e1 transferir el importe de la subvenci\u00f3n para proceder a la licitaci\u00f3n del proyecto, lo que se prev\u00e9 que pueda hacerse en el primer trimestre del 2024.<\/p>\n\n\n\n<p>As\u00ed pues, tal y como refleja la memoria justificativa de esta modificaci\u00f3n, en el punto particular donde se va a actuar confluyen diferentes aspectos que confieren a la zona gran peligrosidad. En primer lugar, el trazado actual de la v\u00eda que tiene una curva de reducido radio, por lo que los veh\u00edculos de grandes dimensiones tienen que invadir el carril contrario para poder realizar el recorrido a lo que se le a\u00f1ade que existe un camino, el de la Ermitica, que conecta exactamente en la curva con la consiguiente peligrosidad.<\/p>\n\n\n\n<p>Por otra parte, otro elemento de mejora sustancial de la situaci\u00f3n actual es el acceso a la urbanizaci\u00f3n Osunillas, unos metros m\u00e1s adelante en direcci\u00f3n a Mijas, el cual se encuentra en un cambio de rasante, por lo que la visibilidad para los veh\u00edculos que circulan por la A-368 y los que se incorporan desde la urbanizaci\u00f3n es pr\u00e1cticamente nula.<\/p>\n\n\n\n<p>Con esta actuaci\u00f3n se elimina una curva cerrada donde ir\u00e1 una rotonda; as\u00ed, los usuarios de la v\u00eda van a poder tener mayor di\u00e1metro de giro gracias a la rotonda y, lo que es a\u00fan m\u00e1s importante, una visibilidad \u00f3ptima que termine con la inseguridad actual.<\/p>\n","protected":false},"excerpt":{"rendered":"<p>Mijas, 27 de noviembre de 2023.- El Ayuntamiento de Mijas recibir\u00e1 de la Diputaci\u00f3n de M\u00e1laga un mill\u00f3n de euros para financiar la mejora del acceso a la zona de Osunillas, tal y como consta en los Presupuestos aprobados por la instituci\u00f3n provincial para el ejercicio 2024. Esta ayuda forma parte de un plan puesto [&hellip;]<\/p>\n","protected":false},"author":9,"featured_media":52734,"comment_status":"closed","ping_status":"open","sticky":false,"template":"","format":"standard","meta":[],"categories":[1,55,19],"tags":[],"jetpack_featured_media_url":"https:\/\/www.mijas.es\/wp-content\/uploads\/2023\/11\/Osunillas_1-scaled.jpg","_links":{"self":[{"href":"https:\/\/www.mijas.es\/portal\/wp-json\/wp\/v2\/posts\/52736"}],"collection":[{"href":"https:\/\/www.mijas.es\/portal\/wp-json\/wp\/v2\/posts"}],"about":[{"href":"https:\/\/www.mijas.es\/portal\/wp-json\/wp\/v2\/types\/post"}],"author":[{"embeddable":true,"href":"https:\/\/www.mijas.es\/portal\/wp-json\/wp\/v2\/users\/9"}],"replies":[{"embeddable":true,"href":"https:\/\/www.mijas.es\/portal\/wp-json\/wp\/v2\/comments?post=52736"}],"version-history":[{"count":2,"href":"https:\/\/www.mijas.es\/portal\/wp-json\/wp\/v2\/posts\/52736\/revisions"}],"predecessor-version":[{"id":52739,"href":"https:\/\/www.mijas.es\/portal\/wp-json\/wp\/v2\/posts\/52736\/revisions\/52739"}],"wp:featuredmedia":[{"embeddable":true,"href":"https:\/\/www.mijas.es\/portal\/wp-json\/wp\/v2\/media\/52734"}],"wp:attachment":[{"href":"https:\/\/www.mijas.es\/portal\/wp-json\/wp\/v2\/media?parent=52736"}],"wp:term":[{"taxonomy":"category","embeddable":true,"href":"https:\/\/www.mijas.es\/portal\/wp-json\/wp\/v2\/categories?post=52736"},{"taxonomy":"post_tag","embeddable":true,"href":"https:\/\/www.mijas.es\/portal\/wp-json\/wp\/v2\/tags?post=52736"}],"curies":[{"name":"wp","href":"https:\/\/api.w.org\/{rel}","templated":true}]}}