{"id":52716,"date":"2023-11-24T10:09:25","date_gmt":"2023-11-24T09:09:25","guid":{"rendered":"https:\/\/www.mijas.es\/portal\/?p=52716"},"modified":"2023-11-27T07:31:46","modified_gmt":"2023-11-27T06:31:46","slug":"mijas-se-suma-al-dia-internacional-para-la-eliminacion-de-la-violencia-contra-las-mujeres","status":"publish","type":"post","link":"https:\/\/www.mijas.es\/portal\/mijas-se-suma-al-dia-internacional-para-la-eliminacion-de-la-violencia-contra-las-mujeres\/","title":{"rendered":"Mijas se suma al D\u00eda Internacional para la Eliminaci\u00f3n de la Violencia contra las Mujeres"},"content":{"rendered":"\n<ul>\n<li>El viernes a las 12:00 horas tendr\u00e1 lugar la lectura de un manifiesto en la puerta del Ayuntamiento<\/li>\n\n\n\n<li>Durante toda la semana el consistorio ha puesto en marcha acciones para concienciar sobre esta jornada y en las que la educaci\u00f3n en los j\u00f3venes ha sido pieza fundamental<\/li>\n<\/ul>\n\n\n\n<p><strong>Mijas, 23 de noviembre de 2023.- <\/strong>Mijas se suma a la conmemoraci\u00f3n del D\u00eda Internacional para la Eliminaci\u00f3n de la Violencia contra las Mujeres a trav\u00e9s de una completa agenda de actividades y actos.<\/p>\n\n\n\n<p>A las 12 de la ma\u00f1ana, la alcaldesa del municipio, Ana Mata, proceder\u00e1 a la lectura del manifiesto aprobado en el pleno del d\u00eda 25 de octubre de 2023. Se sumar\u00e1n miembros de la Corporaci\u00f3n Municipal, de las asociaciones de mujeres del municipio, as\u00ed como personal del consistorio.<\/p>\n\n\n\n<p>Una vez finalice, dar\u00e1 comienzo un acto institucional en el sal\u00f3n de plenos del Ayuntamiento, en el que proyectar\u00e1 el anuncio televisivo realizado para sensibilizar contra la violencia machista y el documental \u201cYo puedo contarlo\u201d que, por primera vez, contar\u00e1 con testimonios de v\u00edctimas y familiares que han sufrido este tipo de violencia.<\/p>\n\n\n\n<p>Para concluir con el programa de actividades preparadas para reivindicar el 25N, la fachada de la Tenencia de Alcald\u00eda de La Cala se iluminar\u00e1 el s\u00e1bado 25 de color morado desde las seis de la tarde hasta la medianoche.<\/p>\n\n\n\n<p><strong>Otras actividades para conmemorar el 25N<\/strong><\/p>\n\n\n\n<p>Durante toda la semana, en el municipio se est\u00e1n llevando a cabo una serie de actividades para sensibilizar en las que se ha hecho especial hincapi\u00e9 en la educaci\u00f3n entre los m\u00e1s j\u00f3venes. Prueba de ellos es el <em>escape room<\/em> de prevenci\u00f3n en violencia de g\u00e9nero \u201cPonte en mi lugar\u201d, ubicado en el Cortijo Lagar Don El\u00edas (Las Lagunas) y dirigido al alumnado de 6\u00ba de primaria de los colegios del municipio. Se ha celebrado del 20 al 24 de noviembre y se espera la participaci\u00f3n de 1.100 alumnos y alumnas.<\/p>\n\n\n\n<p>Asimismo, un centenar de estudiantes de 3\u00ba de ESO de los siete institutos de la localidad han sido formados como mediadores de igualdad. El programa les preparar\u00e1 como centinelas para prevenir cualquier tipo de violencia machista dentro del instituto o en el entorno del alumnado.<\/p>\n\n\n\n<p>Por otro lado, los 15 trabajadores del Programa de Fomento de Empleo y Formaci\u00f3n \u201cMijas Forma\u201d han dise\u00f1ado de manera unitaria carteles con mensajes motivadores con motivo del 25N. El Ayuntamiento de Mijas ha instalado el \u201cRinc\u00f3n 25N\u201d en el mismo edificio donde realizan su formaci\u00f3n para exponerlos hasta el 30 de noviembre.<\/p>\n\n\n\n<p>Por \u00faltimo, las asociaciones de mujeres en Mijas, en colaboraci\u00f3n con el \u00c1rea de Igualdad y Diversidad, han organizado una serie de actividades. Ayer mi\u00e9rcoles, bajo el lema \u201cCaminata Consciente\u201d, la Asociaci\u00f3n C\u00edrculo de Mujeres \u201cCasa Luna\u201d anim\u00f3 a realizar un recorrido por el Sendero Litoral partiendo desde La Cala de Mijas hasta Calahonda.<\/p>\n\n\n\n<p>Para el viernes 24 de noviembre, la Asociaci\u00f3n Nueva Cultura del Desarrollo ha organizado la charla \u201cLa mujer de hoy\u2026 por y por qu\u00e9\u201d, que ser\u00e1 impartida por las psic\u00f3logas Desir\u00e9 Infante y Marina Rom\u00e1n. Dicho coloquio tendr\u00e1 lugar de 17:30 a 19:30 horas en la sala de reuniones del centro de Servicios sociales de Las Lagunas.<\/p>\n","protected":false},"excerpt":{"rendered":"<p>Mijas, 23 de noviembre de 2023.- Mijas se suma a la conmemoraci\u00f3n del D\u00eda Internacional para la Eliminaci\u00f3n de la Violencia contra las Mujeres a trav\u00e9s de una completa agenda de actividades y actos. A las 12 de la ma\u00f1ana, la alcaldesa del municipio, Ana Mata, proceder\u00e1 a la lectura del manifiesto aprobado en el [&hellip;]<\/p>\n","protected":false},"author":9,"featured_media":52727,"comment_status":"closed","ping_status":"open","sticky":false,"template":"","format":"standard","meta":[],"categories":[1,290,19],"tags":[],"jetpack_featured_media_url":"https:\/\/www.mijas.es\/wp-content\/uploads\/2023\/11\/25N_1.jpeg","_links":{"self":[{"href":"https:\/\/www.mijas.es\/portal\/wp-json\/wp\/v2\/posts\/52716"}],"collection":[{"href":"https:\/\/www.mijas.es\/portal\/wp-json\/wp\/v2\/posts"}],"about":[{"href":"https:\/\/www.mijas.es\/portal\/wp-json\/wp\/v2\/types\/post"}],"author":[{"embeddable":true,"href":"https:\/\/www.mijas.es\/portal\/wp-json\/wp\/v2\/users\/9"}],"replies":[{"embeddable":true,"href":"https:\/\/www.mijas.es\/portal\/wp-json\/wp\/v2\/comments?post=52716"}],"version-history":[{"count":1,"href":"https:\/\/www.mijas.es\/portal\/wp-json\/wp\/v2\/posts\/52716\/revisions"}],"predecessor-version":[{"id":52717,"href":"https:\/\/www.mijas.es\/portal\/wp-json\/wp\/v2\/posts\/52716\/revisions\/52717"}],"wp:featuredmedia":[{"embeddable":true,"href":"https:\/\/www.mijas.es\/portal\/wp-json\/wp\/v2\/media\/52727"}],"wp:attachment":[{"href":"https:\/\/www.mijas.es\/portal\/wp-json\/wp\/v2\/media?parent=52716"}],"wp:term":[{"taxonomy":"category","embeddable":true,"href":"https:\/\/www.mijas.es\/portal\/wp-json\/wp\/v2\/categories?post=52716"},{"taxonomy":"post_tag","embeddable":true,"href":"https:\/\/www.mijas.es\/portal\/wp-json\/wp\/v2\/tags?post=52716"}],"curies":[{"name":"wp","href":"https:\/\/api.w.org\/{rel}","templated":true}]}}