{"id":52714,"date":"2023-11-24T10:08:14","date_gmt":"2023-11-24T09:08:14","guid":{"rendered":"https:\/\/www.mijas.es\/portal\/?p=52714"},"modified":"2023-11-24T10:08:16","modified_gmt":"2023-11-24T09:08:16","slug":"mijas-dara-la-bienvenida-a-la-navidad-con-el-encendido-del-alumbrado-el-1-de-diciembre","status":"publish","type":"post","link":"https:\/\/www.mijas.es\/portal\/mijas-dara-la-bienvenida-a-la-navidad-con-el-encendido-del-alumbrado-el-1-de-diciembre\/","title":{"rendered":"Mijas dar\u00e1 la bienvenida a la Navidad con el encendido del alumbrado el 1 de diciembre"},"content":{"rendered":"\n<ul>\n<li>Tres millones y medio de puntos led de bajo consumo iluminar\u00e1n m\u00e1s de 30 calles, avenidas y plazas de los tres distritos municipales<\/li>\n<\/ul>\n\n\n\n<p><strong>Mijas, 23 de noviembre de 2023.- <\/strong>Mijas dar\u00e1 la bienvenida a la Navidad el pr\u00f3ximo viernes 1 de diciembre con el encendido oficial que tendr\u00e1 lugar a las 19:00 horas en el Bulevar de la Cala de Mijas. Previamente, a las 18.00h, est\u00e1 prevista una actuaci\u00f3n infantil en la plaza de Tenencia de la Alcald\u00eda de la Cala.<\/p>\n\n\n\n<p>Tres millones y medio de puntos led, repartidos en m\u00e1s de 30 calles, plazas, edificios municipales y rotondas de los tres distritos, alumbrar\u00e1n la Navidad mije\u00f1a.<\/p>\n\n\n\n<p>En el caso de Mijas Pueblo, se iluminar\u00e1n Osunillas, la plaza de la Constituci\u00f3n y las calles Carril, Comp\u00e1s, Ca\u00f1os, M\u00e1laga y San Sebasti\u00e1n. En lo que respecta a la Cala de Mijas, se alumbrar\u00e1n las calles C\u00e1rtama, Antequera, Marbella, Torremolinos y Torre\u00f3n.<\/p>\n\n\n\n<p>En cuanto a Las Lagunas, se alumbrar\u00e1n los siguientes puntos: avenida Miguel Hern\u00e1ndez, avenida Mijas Alta, avenida Mijas, avenida Los Lirios, avenida Margaritas, avenida Andaluc\u00eda, Camino de Co\u00edn, Camino de Campanales, Camino del Albero, plaza La Cala, plaza de Mijas, el parque junto a la parroquia San Manuel, Do\u00f1a Ermita y las rotondas del distrito. Las calles que tendr\u00e1n iluminaci\u00f3n navide\u00f1a son Mar\u00eda Zambrano, Vicente Aleixandre, San Javier, Antonio Machado, Virgen de la Paz, Virgen de la Concepci\u00f3n, de la Uni\u00f3n, R\u00edo Aguas, R\u00edo Las Pasadas, Dinamarca y las aleda\u00f1as al Corte Ingl\u00e9s.<\/p>\n\n\n\n<p>El alumbrado navide\u00f1o es solo el punto de partida de la extensa programaci\u00f3n prevista para celebrar la Navidad.<\/p>\n\n\n\n<p><strong>Programa navide\u00f1o<\/strong><\/p>\n\n\n\n<p>Aunque el viernes 1 de diciembre ser\u00e1 la jornada inaugural, la agenda de actividades arrancar\u00e1 el domingo 26 de noviembre a las 17.00h con una merienda navide\u00f1a organizada por el Ayuntamiento de Mijas, en colaboraci\u00f3n con FA de Mijas (Federaci\u00f3n de Asociaciones de Mijas) y la Asociaci\u00f3n Cultural Mibu. Ser\u00e1 a partir de las 17.00h en el Cortijo Don El\u00edas y, adem\u00e1s de poder degustar chocolate y dulces navide\u00f1os, est\u00e1n previstas las actuaciones de las pastorales El Camorro, La Paz y el coro Uni\u00f3n del Cante. La entrada es libre.<\/p>\n\n\n\n<p>Por otro lado, del 1 al 17 de diciembre la Plaza de la Constituci\u00f3n de Mijas acoger\u00e1 un mercadillo navide\u00f1o en el que no faltar\u00e1n los productos tradicionales.<\/p>\n\n\n\n<p>El domingo 3 de diciembre a las 17.00h el Teatro Las Lagunas celebrar\u00e1 un concierto de Navidad para mayores con entrada libre y gratuita hasta completar aforo.<\/p>\n\n\n\n<p>Adem\u00e1s, el 16 de diciembre la Banda de M\u00fasica de Mijas har\u00e1 lo propio en la Plaza Virgen de la Pe\u00f1a. Ser\u00e1 a las 19.00h.<\/p>\n\n\n\n<p>No faltar\u00e1n las actividades para los m\u00e1s peque\u00f1os. El poblado de Pap\u00e1 Noel contar\u00e1 con talleres de tem\u00e1ticas variadas impartidos por elfos y otros personajes t\u00edpicos de la Navidad. En dicho poblado Pap\u00e1 Noel dispondr\u00e1 de su propia casita en la que recibir a los ni\u00f1os y ni\u00f1as que quieran acercarse a saludarlo y dejarle sus deseos. Dicho poblado se ubicar\u00e1 en los tres n\u00facleos del municipio: en el parque de la Butibamba de La Cala, en el parque de Andaluc\u00eda de Las Lagunas y en la plaza Virgen de la Pe\u00f1a en Mijas Pueblo.<\/p>\n\n\n\n<p>La Ciudad de Navidad con Cartero Real ser\u00e1 otra de las actividades previstas. Dispondr\u00e1 de juegos hinchables y gratuitos para todos los asistentes, as\u00ed como zona del Cartero Real que recoger\u00e1 las cartas que los m\u00e1s peque\u00f1os dirijan a los Reyes Magos de Oriente. El parque de la Butibamba de La Cala, Parque Fern\u00e1n Caballero de Las Lagunas y la Plaza Virgen de la Pe\u00f1a de Mijas pueblo han sido los lugares escogidos para esta Ciudad de Navidad.<\/p>\n\n\n\n<p>Todo ello sin olvidar el papel destacado que jugar\u00e1n las pastorales. La Plaza Virgen de la Pe\u00f1a acoger\u00e1 una gran carpa con escenario donde actuar\u00e1n las distintas agrupaciones venidas de diferentes municipios andaluces.<\/p>\n\n\n\n<p><strong>Cabalgatas de Reyes<\/strong><\/p>\n\n\n\n<p>La celebraci\u00f3n de la Cabalgata de Reyes Magos podr\u00e1 el broche final a la Navidad.<\/p>\n\n\n\n<p>Los itinerarios previstos son los siguientes:<\/p>\n\n\n\n<p>En Mijas Pueblo saldr\u00e1 a las 16:30 horas desde la avenida Virgen de la Pe\u00f1a, continuar\u00e1 por avenida de M\u00e9jico, calle M\u00e1laga, calle Carril, calle Co\u00edn, calle Barrio Santana, plaza Siete Ca\u00f1os, calle Barrio Santana, calle Co\u00edn, plaza de la Constituci\u00f3n, avenida del Comp\u00e1s y finalizar\u00e1 en la plaza Virgen de la Pe\u00f1a.<\/p>\n\n\n\n<p>En la Cala de Mijas la cabalgata efectuar\u00e1 su salida a las 17:00 horas desde el Bulevar frente al centro cultural, para seguir por las calles Torremolinos, Torre\u00f3n, Marbella y C\u00e1rtama y finalizar en el parque de la Butibamba.<\/p>\n\n\n\n<p>En lo referente a las Lagunas, la cabalgata se iniciar\u00e1 a las 17:30 horas desde el parque acu\u00e1tico de Mijas, seguir\u00e1 por las calles San Crist\u00f3bal, San Bartolom\u00e9, San Javier, La Uni\u00f3n, la avenida de Mijas, la rotonda de la Ford, la calle Santa Laura, calle Santa Gema, Camino de Campanales, avenida de Mijas, Camino del Albero y la calle Antonio Machado, para finalizar en avenida Miguel Hern\u00e1ndez.<\/p>\n","protected":false},"excerpt":{"rendered":"<p>Mijas, 23 de noviembre de 2023.- Mijas dar\u00e1 la bienvenida a la Navidad el pr\u00f3ximo viernes 1 de diciembre con el encendido oficial que tendr\u00e1 lugar a las 19:00 horas en el Bulevar de la Cala de Mijas. Previamente, a las 18.00h, est\u00e1 prevista una actuaci\u00f3n infantil en la plaza de Tenencia de la Alcald\u00eda [&hellip;]<\/p>\n","protected":false},"author":9,"featured_media":0,"comment_status":"closed","ping_status":"open","sticky":false,"template":"","format":"standard","meta":[],"categories":[1,132,19],"tags":[],"jetpack_featured_media_url":"","_links":{"self":[{"href":"https:\/\/www.mijas.es\/portal\/wp-json\/wp\/v2\/posts\/52714"}],"collection":[{"href":"https:\/\/www.mijas.es\/portal\/wp-json\/wp\/v2\/posts"}],"about":[{"href":"https:\/\/www.mijas.es\/portal\/wp-json\/wp\/v2\/types\/post"}],"author":[{"embeddable":true,"href":"https:\/\/www.mijas.es\/portal\/wp-json\/wp\/v2\/users\/9"}],"replies":[{"embeddable":true,"href":"https:\/\/www.mijas.es\/portal\/wp-json\/wp\/v2\/comments?post=52714"}],"version-history":[{"count":1,"href":"https:\/\/www.mijas.es\/portal\/wp-json\/wp\/v2\/posts\/52714\/revisions"}],"predecessor-version":[{"id":52715,"href":"https:\/\/www.mijas.es\/portal\/wp-json\/wp\/v2\/posts\/52714\/revisions\/52715"}],"wp:attachment":[{"href":"https:\/\/www.mijas.es\/portal\/wp-json\/wp\/v2\/media?parent=52714"}],"wp:term":[{"taxonomy":"category","embeddable":true,"href":"https:\/\/www.mijas.es\/portal\/wp-json\/wp\/v2\/categories?post=52714"},{"taxonomy":"post_tag","embeddable":true,"href":"https:\/\/www.mijas.es\/portal\/wp-json\/wp\/v2\/tags?post=52714"}],"curies":[{"name":"wp","href":"https:\/\/api.w.org\/{rel}","templated":true}]}}