{"id":52689,"date":"2023-11-22T14:30:46","date_gmt":"2023-11-22T13:30:46","guid":{"rendered":"https:\/\/www.mijas.es\/portal\/?p=52689"},"modified":"2023-11-22T14:32:09","modified_gmt":"2023-11-22T13:32:09","slug":"ana-mata-deja-su-acta-en-la-diputacion-provincial-para-centrarse-en-la-alcaldia-de-mijas","status":"publish","type":"post","link":"https:\/\/www.mijas.es\/portal\/ana-mata-deja-su-acta-en-la-diputacion-provincial-para-centrarse-en-la-alcaldia-de-mijas\/","title":{"rendered":"Ana Mata deja su acta en la Diputaci\u00f3n provincial para centrarse en la alcald\u00eda de Mijas"},"content":{"rendered":"\n<ul>\n<li>Se dedicar\u00e1 exclusivamente a su labor como regidora, tal y como ya anunci\u00f3 al asumir el cargo<\/li>\n<\/ul>\n\n\n\n<p><strong>Mijas, 22 de noviembre de 2023.-<\/strong> La alcaldesa de Mijas, Ana Mata, finaliza su etapa en la Diputaci\u00f3n de M\u00e1laga, instituci\u00f3n en la que ejerc\u00eda de portavoz del Gobierno del PP hasta hoy, para centrarse de lleno en su labor como regidora del municipio mije\u00f1o.<\/p>\n\n\n\n<p>Mata cumple as\u00ed el compromiso adquirido con los ciudadanos de Mijas, a los que prometi\u00f3 una dedicaci\u00f3n absoluta y exclusiva tras su llegada al cargo. De esta forma, la regidora dejar\u00e1 su acta como diputada en la instituci\u00f3n provincial tras el pleno ordinario celebrado esta ma\u00f1ana.<\/p>\n\n\n<div class=\"wp-block-image\">\n<figure class=\"alignleft size-large is-resized\"><img decoding=\"async\" src=\"https:\/\/www.mijas.es\/wp-content\/uploads\/2023\/11\/Alcaldesa_Diputacion_1-1024x683.jpg\" alt=\"\" class=\"wp-image-52687\" width=\"445\" height=\"297\" srcset=\"https:\/\/www.mijas.es\/wp-content\/uploads\/2023\/11\/Alcaldesa_Diputacion_1-1024x683.jpg 1024w, https:\/\/www.mijas.es\/wp-content\/uploads\/2023\/11\/Alcaldesa_Diputacion_1-300x200.jpg 300w, https:\/\/www.mijas.es\/wp-content\/uploads\/2023\/11\/Alcaldesa_Diputacion_1-768x512.jpg 768w, https:\/\/www.mijas.es\/wp-content\/uploads\/2023\/11\/Alcaldesa_Diputacion_1-1536x1024.jpg 1536w, https:\/\/www.mijas.es\/wp-content\/uploads\/2023\/11\/Alcaldesa_Diputacion_1-2048x1365.jpg 2048w\" sizes=\"(max-width: 445px) 100vw, 445px\" \/><\/figure><\/div>\n\n\n<p>\u201cDesde el primer d\u00eda ten\u00eda claro que mi dedicaci\u00f3n a Mijas deb\u00eda ser exclusiva. Mi concepci\u00f3n de servicio p\u00fablico al frente de una alcald\u00eda no se entiende de otra manera. Mi m\u00e1xima prioridad es el bienestar de los mije\u00f1os y mije\u00f1as, trabajar de forma incansable para progresar. Por eso, tal y como me compromet\u00ed, he renunciado a mi acta como diputada provincial. Ahora toca Mijas, a la que estoy entregada\u201d, asegura la alcaldesa.<\/p>\n\n\n\n<p>La salida de Mata de la Diputaci\u00f3n de M\u00e1laga se produce como consecuencia de su llegada a la Alcald\u00eda de Mijas, el tercer municipio por poblaci\u00f3n de la provincia, para centrarse en sus responsabilidades.<\/p>\n\n\n\n<p>Tras el pleno de la Diputaci\u00f3n de M\u00e1laga, Ana Mata ha agradecido a sus compa\u00f1eros \u201cel trabajo realizado juntos durante estos meses en la Diputaci\u00f3n provincial y, en especial, a su presidente, Francisco Salado, quien desde un primer momento respald\u00f3 mi decisi\u00f3n de hacer incompatible mi labor como alcaldesa con la de Diputaci\u00f3n\u201d.<\/p>\n","protected":false},"excerpt":{"rendered":"<p>Mijas, 22 de noviembre de 2023.- La alcaldesa de Mijas, Ana Mata, finaliza su etapa en la Diputaci\u00f3n de M\u00e1laga, instituci\u00f3n en la que ejerc\u00eda de portavoz del Gobierno del PP hasta hoy, para centrarse de lleno en su labor como regidora del municipio mije\u00f1o. Mata cumple as\u00ed el compromiso adquirido con los ciudadanos de [&hellip;]<\/p>\n","protected":false},"author":9,"featured_media":52688,"comment_status":"closed","ping_status":"open","sticky":false,"template":"","format":"standard","meta":[],"categories":[1,19],"tags":[],"jetpack_featured_media_url":"https:\/\/www.mijas.es\/wp-content\/uploads\/2023\/11\/Alcaldesa_Diputacion_2-scaled.jpg","_links":{"self":[{"href":"https:\/\/www.mijas.es\/portal\/wp-json\/wp\/v2\/posts\/52689"}],"collection":[{"href":"https:\/\/www.mijas.es\/portal\/wp-json\/wp\/v2\/posts"}],"about":[{"href":"https:\/\/www.mijas.es\/portal\/wp-json\/wp\/v2\/types\/post"}],"author":[{"embeddable":true,"href":"https:\/\/www.mijas.es\/portal\/wp-json\/wp\/v2\/users\/9"}],"replies":[{"embeddable":true,"href":"https:\/\/www.mijas.es\/portal\/wp-json\/wp\/v2\/comments?post=52689"}],"version-history":[{"count":3,"href":"https:\/\/www.mijas.es\/portal\/wp-json\/wp\/v2\/posts\/52689\/revisions"}],"predecessor-version":[{"id":52694,"href":"https:\/\/www.mijas.es\/portal\/wp-json\/wp\/v2\/posts\/52689\/revisions\/52694"}],"wp:featuredmedia":[{"embeddable":true,"href":"https:\/\/www.mijas.es\/portal\/wp-json\/wp\/v2\/media\/52688"}],"wp:attachment":[{"href":"https:\/\/www.mijas.es\/portal\/wp-json\/wp\/v2\/media?parent=52689"}],"wp:term":[{"taxonomy":"category","embeddable":true,"href":"https:\/\/www.mijas.es\/portal\/wp-json\/wp\/v2\/categories?post=52689"},{"taxonomy":"post_tag","embeddable":true,"href":"https:\/\/www.mijas.es\/portal\/wp-json\/wp\/v2\/tags?post=52689"}],"curies":[{"name":"wp","href":"https:\/\/api.w.org\/{rel}","templated":true}]}}