{"id":52681,"date":"2023-11-22T14:23:25","date_gmt":"2023-11-22T13:23:25","guid":{"rendered":"https:\/\/www.mijas.es\/portal\/?p=52681"},"modified":"2023-11-22T14:23:29","modified_gmt":"2023-11-22T13:23:29","slug":"el-ayuntamiento-de-mijas-colabora-con-la-semana-de-cine-aleman","status":"publish","type":"post","link":"https:\/\/www.mijas.es\/portal\/el-ayuntamiento-de-mijas-colabora-con-la-semana-de-cine-aleman\/","title":{"rendered":"El Ayuntamiento de Mijas colabora con la Semana de Cine Alem\u00e1n"},"content":{"rendered":"\n<ul>\n<li>El sal\u00f3n de actos del consistorio acoger\u00e1 la proyecci\u00f3n de la pel\u00edcula \u201cTodos hablan del tiempo\u201d<\/li>\n<\/ul>\n\n\n\n<p><strong>Mijas, 22 de noviembre de 2023.-<\/strong> El pr\u00f3ximo 23 de noviembre el Ayuntamiento de Mijas se convertir\u00e1 en una sala de cine con motivo de la IV Semana de Cine Alem\u00e1n, organizada por SUR Deutsche Ausgabe, el Consulado de Alemania en M\u00e1laga y el Instituto Goethe de Madrid, y que cuenta con la colaboraci\u00f3n del consistorio.<\/p>\n\n\n\n<p>A las 19.00h dar\u00e1 comienzo la proyecci\u00f3n de la pel\u00edcula \u201cTodos hablan del tiempo\u201d (\u201cAlle Reden \u00dcbers Wetter\u201d), dirigida por Annika Pinske y que aborda los problemas que se arrastran de la unificaci\u00f3n alemana. La proyecci\u00f3n ser\u00e1 en VOSE y la entrada es libre y gratuita hasta completar aforo.<\/p>\n\n\n\n<p>Por primera vez, Mijas, una de las poblaciones con mayor comunidad alemana, se une a esta iniciativa cultural que celebra su cuarta edici\u00f3n y que se ha consolidado como una de las grandes citas cinematogr\u00e1ficas de la provincia.<\/p>\n","protected":false},"excerpt":{"rendered":"<p>Mijas, 22 de noviembre de 2023.- El pr\u00f3ximo 23 de noviembre el Ayuntamiento de Mijas se convertir\u00e1 en una sala de cine con motivo de la IV Semana de Cine Alem\u00e1n, organizada por SUR Deutsche Ausgabe, el Consulado de Alemania en M\u00e1laga y el Instituto Goethe de Madrid, y que cuenta con la colaboraci\u00f3n del [&hellip;]<\/p>\n","protected":false},"author":9,"featured_media":0,"comment_status":"closed","ping_status":"open","sticky":false,"template":"","format":"standard","meta":[],"categories":[1,10,19],"tags":[],"jetpack_featured_media_url":"","_links":{"self":[{"href":"https:\/\/www.mijas.es\/portal\/wp-json\/wp\/v2\/posts\/52681"}],"collection":[{"href":"https:\/\/www.mijas.es\/portal\/wp-json\/wp\/v2\/posts"}],"about":[{"href":"https:\/\/www.mijas.es\/portal\/wp-json\/wp\/v2\/types\/post"}],"author":[{"embeddable":true,"href":"https:\/\/www.mijas.es\/portal\/wp-json\/wp\/v2\/users\/9"}],"replies":[{"embeddable":true,"href":"https:\/\/www.mijas.es\/portal\/wp-json\/wp\/v2\/comments?post=52681"}],"version-history":[{"count":1,"href":"https:\/\/www.mijas.es\/portal\/wp-json\/wp\/v2\/posts\/52681\/revisions"}],"predecessor-version":[{"id":52682,"href":"https:\/\/www.mijas.es\/portal\/wp-json\/wp\/v2\/posts\/52681\/revisions\/52682"}],"wp:attachment":[{"href":"https:\/\/www.mijas.es\/portal\/wp-json\/wp\/v2\/media?parent=52681"}],"wp:term":[{"taxonomy":"category","embeddable":true,"href":"https:\/\/www.mijas.es\/portal\/wp-json\/wp\/v2\/categories?post=52681"},{"taxonomy":"post_tag","embeddable":true,"href":"https:\/\/www.mijas.es\/portal\/wp-json\/wp\/v2\/tags?post=52681"}],"curies":[{"name":"wp","href":"https:\/\/api.w.org\/{rel}","templated":true}]}}