{"id":52655,"date":"2023-11-21T12:47:31","date_gmt":"2023-11-21T11:47:31","guid":{"rendered":"https:\/\/www.mijas.es\/portal\/?p=52655"},"modified":"2023-11-21T12:47:32","modified_gmt":"2023-11-21T11:47:32","slug":"mas-de-2-000-alumnos-de-secundaria-de-mijas-participaran-en-un-programa-prevencion-de-salud-mental-y-conductas-de-riesgo","status":"publish","type":"post","link":"https:\/\/www.mijas.es\/portal\/mas-de-2-000-alumnos-de-secundaria-de-mijas-participaran-en-un-programa-prevencion-de-salud-mental-y-conductas-de-riesgo\/","title":{"rendered":"M\u00e1s de 2.000 alumnos de secundaria de Mijas participar\u00e1n en un programa prevenci\u00f3n de salud mental y conductas de riesgo"},"content":{"rendered":"\n<ul>\n<li>La iniciativa del Ayuntamiento se desarrolla en colaboraci\u00f3n con la Asociaci\u00f3n de Familiares y Personas con Enfermedad Mental de la Costa del Sol (Afesol)<\/li>\n<\/ul>\n\n\n\n<ul>\n<li>El objetivo es ofrecer a los m\u00e1s j\u00f3venes herramientas de inteligencia emocional para prevenir conductas como las autolesiones o la ideaci\u00f3n suicida<\/li>\n<\/ul>\n\n\n\n<p><strong>Mijas, 13 de noviembre de 2023.- <\/strong>M\u00e1s de 2.000 alumnos de secundaria de Mijas participar\u00e1n este curso en el programa de prevenci\u00f3n de salud mental y conductas de riesgos cuyo principal objetivo es ofrecer a los m\u00e1s j\u00f3venes, herramientas de inteligencia emocional para prevenir conductas como las autolesiones o la ideaci\u00f3n suicida.<\/p>\n\n\n\n<p>La alcaldesa de Mijas, Ana Mata, ha presentado hoy en el IES Sierra de Mijas esta iniciativa que desarrolla el Ayuntamiento en colaboraci\u00f3n con la Asociaci\u00f3n de Familiares y Personas con Enfermedad Mental de la Costa del Sol (Afesol). Junto a Mata han asistido el vicepresidente de Afesol, Cristian Gonz\u00e1lez, y la psic\u00f3loga de la asociaci\u00f3n que impartir\u00e1 el programa, Beatriz Gonz\u00e1lez.<\/p>\n\n\n\n<p>As\u00ed, Mata ha se\u00f1alado que desde la pandemia ha habido un aumento considerable de los problemas de salud mental, y en relaci\u00f3n con el suicidio, resulta alarmante, convirti\u00e9ndose en la actualidad en la primera causa de muerte entre la poblaci\u00f3n de 15 a 19 a\u00f1os, por lo que estos programas como los que imparte Afesol son important\u00edsimos para detectar cualquier tipo de alerta y abordar cualquier situaci\u00f3n de riesgo\u201d.<\/p>\n\n\n\n<figure class=\"wp-block-image size-large\"><img decoding=\"async\" width=\"1024\" height=\"768\" src=\"https:\/\/www.mijas.es\/wp-content\/uploads\/2023\/11\/WhatsApp-Image-2023-11-21-at-10.24.39-1024x768.jpeg\" alt=\"\" class=\"wp-image-52656\" srcset=\"https:\/\/www.mijas.es\/wp-content\/uploads\/2023\/11\/WhatsApp-Image-2023-11-21-at-10.24.39-1024x768.jpeg 1024w, https:\/\/www.mijas.es\/wp-content\/uploads\/2023\/11\/WhatsApp-Image-2023-11-21-at-10.24.39-300x225.jpeg 300w, https:\/\/www.mijas.es\/wp-content\/uploads\/2023\/11\/WhatsApp-Image-2023-11-21-at-10.24.39-768x576.jpeg 768w, https:\/\/www.mijas.es\/wp-content\/uploads\/2023\/11\/WhatsApp-Image-2023-11-21-at-10.24.39-1536x1152.jpeg 1536w, https:\/\/www.mijas.es\/wp-content\/uploads\/2023\/11\/WhatsApp-Image-2023-11-21-at-10.24.39.jpeg 2000w\" sizes=\"(max-width: 1024px) 100vw, 1024px\" \/><\/figure>\n\n\n\n<p>Este programa se impartir\u00e1 durante el curso 2023-2024 este programa en seis institutos del municipio, preferentemente a alumnos de primero y cuarto de ESO. Los alumnos de primero realizar\u00e1n juegos, din\u00e1micas de grupo y talleres sobre inteligencia emocional, red de apoyo, resiliencia o autoestima, entre otros aspectos, mientras que los de cuarto centrar\u00e1n las actividades en contenidos m\u00e1s concretos de salud mental y prevenci\u00f3n de conductas de riesgos y del suicidio.<\/p>\n\n\n\n<p>Adem\u00e1s, la alcaldesa ha subrayado que todas las administraciones deben trabajar en la l\u00ednea de prevenir y evitar situaciones de riesgos en todas las personas. \u201cDe hecho, ya existe un fuerte compromiso por parte de este Ayuntamiento con la implementaci\u00f3n del Plan Local de Salud Mental y Prevenci\u00f3n de Suicidios, iniciativa que hace un a\u00f1o se aprob\u00f3 en una moci\u00f3n institucional con el apoyo un\u00e1nime de la corporaci\u00f3n y que vamos a desarrollar con la colaboraci\u00f3n de todos los agentes relacionados en este asunto\u201d.<\/p>\n\n\n\n<p>Por ello, vamos a mejorar las actividades que se llevan a cabo y ampliar la colaboraci\u00f3n con entidades que centran su foco de atenci\u00f3n en la prevenci\u00f3n y extender estos talleres, charlas y programas a m\u00e1s colectivos del municipio.<\/p>\n\n\n\n<p>Asimismo, el vicepresidente de Afesol ha destacado la importancia de este proyecto que se desarrolla en red, con la vinculaci\u00f3n y participaci\u00f3n de todos los agentes: Ayuntamiento, Polic\u00eda Local, agente tutor, los Servicios Sociales Comunitarios y el equipo de Salud Mental de los centros de salud del municipio.<\/p>\n\n\n\n<p>Por su parte, la psic\u00f3loga de la asociaci\u00f3n ha explicado que este programa se adaptar\u00e1 a las necesidades y demandas de los institutos, y que para el pr\u00f3ximo a\u00f1o se contemplan intervenciones como cuestionarios previos para detectar posibles conductas o problemas; sesiones formativas al alumnado que se basar\u00e1n en los resultados obtenidos y talleres formativos al profesorado.<\/p>\n","protected":false},"excerpt":{"rendered":"<p>Mijas, 13 de noviembre de 2023.- M\u00e1s de 2.000 alumnos de secundaria de Mijas participar\u00e1n este curso en el programa de prevenci\u00f3n de salud mental y conductas de riesgos cuyo principal objetivo es ofrecer a los m\u00e1s j\u00f3venes, herramientas de inteligencia emocional para prevenir conductas como las autolesiones o la ideaci\u00f3n suicida. La alcaldesa de [&hellip;]<\/p>\n","protected":false},"author":9,"featured_media":52658,"comment_status":"closed","ping_status":"open","sticky":false,"template":"","format":"standard","meta":[],"categories":[1,7,19],"tags":[],"jetpack_featured_media_url":"https:\/\/www.mijas.es\/wp-content\/uploads\/2023\/11\/WhatsApp-Image-2023-11-21-at-10.24.43.jpeg","_links":{"self":[{"href":"https:\/\/www.mijas.es\/portal\/wp-json\/wp\/v2\/posts\/52655"}],"collection":[{"href":"https:\/\/www.mijas.es\/portal\/wp-json\/wp\/v2\/posts"}],"about":[{"href":"https:\/\/www.mijas.es\/portal\/wp-json\/wp\/v2\/types\/post"}],"author":[{"embeddable":true,"href":"https:\/\/www.mijas.es\/portal\/wp-json\/wp\/v2\/users\/9"}],"replies":[{"embeddable":true,"href":"https:\/\/www.mijas.es\/portal\/wp-json\/wp\/v2\/comments?post=52655"}],"version-history":[{"count":1,"href":"https:\/\/www.mijas.es\/portal\/wp-json\/wp\/v2\/posts\/52655\/revisions"}],"predecessor-version":[{"id":52659,"href":"https:\/\/www.mijas.es\/portal\/wp-json\/wp\/v2\/posts\/52655\/revisions\/52659"}],"wp:featuredmedia":[{"embeddable":true,"href":"https:\/\/www.mijas.es\/portal\/wp-json\/wp\/v2\/media\/52658"}],"wp:attachment":[{"href":"https:\/\/www.mijas.es\/portal\/wp-json\/wp\/v2\/media?parent=52655"}],"wp:term":[{"taxonomy":"category","embeddable":true,"href":"https:\/\/www.mijas.es\/portal\/wp-json\/wp\/v2\/categories?post=52655"},{"taxonomy":"post_tag","embeddable":true,"href":"https:\/\/www.mijas.es\/portal\/wp-json\/wp\/v2\/tags?post=52655"}],"curies":[{"name":"wp","href":"https:\/\/api.w.org\/{rel}","templated":true}]}}