{"id":5230,"date":"2016-08-19T07:10:32","date_gmt":"2016-08-19T07:10:32","guid":{"rendered":"http:\/\/localhost\/pruebaweb\/?p=5230"},"modified":"2016-08-19T07:10:32","modified_gmt":"2016-08-19T07:10:32","slug":"las-obras-de-las-calles-campos-coin-y-barrio-de-santana-comienzan-la-proxima-semana","status":"publish","type":"post","link":"https:\/\/www.mijas.es\/portal\/las-obras-de-las-calles-campos-coin-y-barrio-de-santana-comienzan-la-proxima-semana\/","title":{"rendered":"Las obras de las calles Campos, Co&iacute;n y Barrio de Santana comienzan la pr&oacute;xima semana"},"content":{"rendered":"<p>\n\tEl Ayuntamiento de Mijas contin\u00faa con la remodelaci\u00f3n del casco hist\u00f3rico de la ciudad mejorando en esta ocasi\u00f3n la zona m\u00e1s castiza del Pueblo<\/p>\n<p><\/p>\n<p>\n\t<strong>Mijas, 18 de agosto de 2016.-<\/strong>Las obras de calle Campos, Co\u00edn y Santana en Mijas Pueblo comienzan la pr\u00f3xima semana. As\u00ed lo ha anunciado esta misma ma\u00f1ana el concejal de Infraestructuras del Ayuntamiento mije\u00f1o, Jos\u00e9 Carlos Mart\u00edn, quien ha destacado \u00abla mejora que va a experimentar esta zona del municipio que actualmente se encuentra tan deteriorada\u00bb. La inversi\u00f3n dedicada a esta actuaci\u00f3n asciende a 525.000 euros sufragados por la Diputaci\u00f3n de M\u00e1laga y el plazo de ejecuci\u00f3n se sit\u00faa en 100 d\u00edas naturales, lo que significa alrededor de tres meses.<\/p>\n<p>\n\t&nbsp;<\/p>\n<p>\n\t\u00abQueremos pedir paciencia a los vecinos porque sabemos que son unas obras molestas que, en este caso, cortan una arteria de paso del municipio. Se van a renovar todas las infraestructuras y el resultado, estamos seguros, que va a gustar a los mije\u00f1os\u00bb, apunta el edil. As\u00ed pues, estas tres calles, consecutivas entre s\u00ed, forman un largo vial de directriz sensiblemente recta donde aparece el inconveniente de algunos estrechamientos entre fachadas enfrentadas. Por ello, la intervenci\u00f3n contempla un tratamiento de rodaduras de modo que se lleve a cabo una adaptaci\u00f3n dimensional, evitando as\u00ed quiebros en el trazado.<\/p>\n<p>\n\t&nbsp;<\/p>\n<p>\n\tEl total de superficie de actuaci\u00f3n para estas calles asciende a alrededor de 1.800 metros cuadrados y&nbsp; tiene un recorrido de 400 metros. El Barrio de Santana es el m\u00e1s castizo de Mijas Pueblo, el que conserva las tradiciones y la esencia de anta\u00f1o del municipio. Es por este motivo que el proyecto respeta la est\u00e9tica predominante. De este mismo modo, la existencia de m\u00faltiples rincones y espacios residuales permite hacer actuaciones de embellecimiento urbano con la incorporaci\u00f3n de macetones en forma de tinaja para la siembra de flores que adornen el paseo por las calles aportando valor sensitivo al contraste entre las paredes blancas de las casas y el colorido vegetal.<\/p>\n<p>\n\t&nbsp;<\/p>\n<p>\n\tEn lo referente a la pavimentaci\u00f3n cabe destacar el dise\u00f1o unitario que se va a mantener en las tres v\u00edas contiguas. As\u00ed pues, se va a proceder a la remodelaci\u00f3n integral de las tres calles con el cambio y separaci\u00f3n de la red de saneamiento (tanto fecales como pluviales), la red de abastecimiento de agua, se acometer\u00e1n, a su vez, labores de distribuci\u00f3n de la energ\u00eda el\u00e9ctrica, y renovaci\u00f3n del alumbrado p\u00fablico, la red de telefon\u00eda y comunicaciones. \u00abVamos a poder soterrar la media y baja tensi\u00f3n, lo que implica erradicar el cableado a\u00e9reo\u00bb, a\u00f1ade Mart\u00edn.<\/p>\n<p>\n\t&nbsp;<\/p>\n<p>\n\tFinalmente, el concejal ha enumerado las diferentes obras acometidas en Mijas Pueblo durante este a\u00f1o donde ya han concluido la plaza Virgen de la Pe\u00f1a, calle M\u00e1laga y Plaza de la Paz. La Avenida Virgen de la Pe\u00f1a se pondr\u00e1 al servicio de los vecinos la pr\u00f3xima semana y ya s\u00f3lo quedar\u00edan las obras anunciadas por el concejal esta misma ma\u00f1ana adem\u00e1s de las labores acometidas en Avenida de M\u00e9jico. Ya a mediados de octubre comenzar\u00e1 la remodelaci\u00f3n de la Cuesta de la Villa y en enero la plaza de la Constituci\u00f3n.<\/p>\n<p>\n\t&nbsp;<\/p>\n<p>\n\t&nbsp;<\/p>\n","protected":false},"excerpt":{"rendered":"<p>El Ayuntamiento de Mijas contin\u00faa con la remodelaci\u00f3n del casco hist\u00f3rico de la ciudad mejorando en esta ocasi\u00f3n la zona m\u00e1s castiza del Pueblo Mijas, 18 de agosto de 2016.-Las obras de calle Campos, Co\u00edn y Santana en Mijas Pueblo comienzan la pr\u00f3xima semana. As\u00ed lo ha anunciado esta misma ma\u00f1ana el concejal de Infraestructuras [&hellip;]<\/p>\n","protected":false},"author":1,"featured_media":8237,"comment_status":"closed","ping_status":"open","sticky":false,"template":"","format":"standard","meta":[],"categories":[19],"tags":[],"jetpack_featured_media_url":"https:\/\/www.mijas.es\/wp-content\/uploads\/2016\/08\/Image5230.jpg","_links":{"self":[{"href":"https:\/\/www.mijas.es\/portal\/wp-json\/wp\/v2\/posts\/5230"}],"collection":[{"href":"https:\/\/www.mijas.es\/portal\/wp-json\/wp\/v2\/posts"}],"about":[{"href":"https:\/\/www.mijas.es\/portal\/wp-json\/wp\/v2\/types\/post"}],"author":[{"embeddable":true,"href":"https:\/\/www.mijas.es\/portal\/wp-json\/wp\/v2\/users\/1"}],"replies":[{"embeddable":true,"href":"https:\/\/www.mijas.es\/portal\/wp-json\/wp\/v2\/comments?post=5230"}],"version-history":[{"count":0,"href":"https:\/\/www.mijas.es\/portal\/wp-json\/wp\/v2\/posts\/5230\/revisions"}],"wp:featuredmedia":[{"embeddable":true,"href":"https:\/\/www.mijas.es\/portal\/wp-json\/wp\/v2\/media\/8237"}],"wp:attachment":[{"href":"https:\/\/www.mijas.es\/portal\/wp-json\/wp\/v2\/media?parent=5230"}],"wp:term":[{"taxonomy":"category","embeddable":true,"href":"https:\/\/www.mijas.es\/portal\/wp-json\/wp\/v2\/categories?post=5230"},{"taxonomy":"post_tag","embeddable":true,"href":"https:\/\/www.mijas.es\/portal\/wp-json\/wp\/v2\/tags?post=5230"}],"curies":[{"name":"wp","href":"https:\/\/api.w.org\/{rel}","templated":true}]}}