{"id":52274,"date":"2023-10-25T06:24:37","date_gmt":"2023-10-25T05:24:37","guid":{"rendered":"https:\/\/www.mijas.es\/portal\/?p=52274"},"modified":"2023-10-25T06:24:38","modified_gmt":"2023-10-25T05:24:38","slug":"comienzan-las-obras-de-saneamiento-de-calle-alhamar","status":"publish","type":"post","link":"https:\/\/www.mijas.es\/portal\/comienzan-las-obras-de-saneamiento-de-calle-alhamar\/","title":{"rendered":"Comienzan las obras de saneamiento de calle Alhamar"},"content":{"rendered":"\n<ul>\n<li>El primer teniente alcalde y edil de Infraestructuras, Jos\u00e9 Carlos Mart\u00edn, ha visitado esta ma\u00f1ana los trabajos que est\u00e1n adjudicados por un montante de 172.000 euros y tienen un plazo de ejecuci\u00f3n de dos meses<\/li>\n<\/ul>\n\n\n\n<p><strong>Mijas, 24 de octubre de 2023.-<\/strong> El primer teniente alcalde y edil de Infraestructuras y Obras, Jos\u00e9 Carlos Mart\u00edn, ha anunciado esta ma\u00f1ana que ya han comenzado las obras de un nuevo saneamiento en la zona de influencia de calle Alhamar en La Cala. \u201cEstos trabajos son muy necesarios porque los vecinos de este complejo urban\u00edstico tienen fosas s\u00e9pticas que les est\u00e1n generando innumerables problemas. De esta manera podr\u00e1n conectarse a la red de saneamiento municipal para la evacuaci\u00f3n de sus aguas negras en un nuevo sistema de recogida de fecales\u201d, se\u00f1ala el concejal.<\/p>\n\n\n\n<p>Los trabajos han sido adjudicados a la empresa \u2018Pavimentaciones Morales\u2019 con un presupuesto de 172.000 euros y un plazo de ejecuci\u00f3n de dos meses.<\/p>\n\n\n\n<p>Las obras comprenden la renovaci\u00f3n del colector de fecales y ejecuci\u00f3n de un nuevo colector de pluviales en calle Alhamar a lo que se suma una nueva instalaci\u00f3n de alcantarillado mediante por un colector de 315 mm PVC para la red de fecales y un colector de 400 mm de PVC para la red de pluviales a lo largo de la zona de actuaci\u00f3n, con sus correspondientes pozos de registro, conexi\u00f3n de acometidas actuales e imbornales necesarios.<\/p>\n\n\n\n<p>La red de pluviales verter\u00e1 las aguas captadas directamente al mar por medio de una obra de embocadura como transici\u00f3n en el vertido de fluido. La financiaci\u00f3n de esta obra corre a cargo del \u2018canon de mejora de infraestructuras hidr\u00e1ulicas para entidades locales\u2019.<\/p>\n","protected":false},"excerpt":{"rendered":"<p>Mijas, 24 de octubre de 2023.- El primer teniente alcalde y edil de Infraestructuras y Obras, Jos\u00e9 Carlos Mart\u00edn, ha anunciado esta ma\u00f1ana que ya han comenzado las obras de un nuevo saneamiento en la zona de influencia de calle Alhamar en La Cala. \u201cEstos trabajos son muy necesarios porque los vecinos de este complejo [&hellip;]<\/p>\n","protected":false},"author":9,"featured_media":52273,"comment_status":"closed","ping_status":"open","sticky":false,"template":"","format":"standard","meta":[],"categories":[1,55,19],"tags":[],"jetpack_featured_media_url":"https:\/\/www.mijas.es\/wp-content\/uploads\/2023\/10\/20231024-SANEAMIENTO-ALHAMAR.-JOSE-CARLOS-MARTIN.jpg","_links":{"self":[{"href":"https:\/\/www.mijas.es\/portal\/wp-json\/wp\/v2\/posts\/52274"}],"collection":[{"href":"https:\/\/www.mijas.es\/portal\/wp-json\/wp\/v2\/posts"}],"about":[{"href":"https:\/\/www.mijas.es\/portal\/wp-json\/wp\/v2\/types\/post"}],"author":[{"embeddable":true,"href":"https:\/\/www.mijas.es\/portal\/wp-json\/wp\/v2\/users\/9"}],"replies":[{"embeddable":true,"href":"https:\/\/www.mijas.es\/portal\/wp-json\/wp\/v2\/comments?post=52274"}],"version-history":[{"count":1,"href":"https:\/\/www.mijas.es\/portal\/wp-json\/wp\/v2\/posts\/52274\/revisions"}],"predecessor-version":[{"id":52275,"href":"https:\/\/www.mijas.es\/portal\/wp-json\/wp\/v2\/posts\/52274\/revisions\/52275"}],"wp:featuredmedia":[{"embeddable":true,"href":"https:\/\/www.mijas.es\/portal\/wp-json\/wp\/v2\/media\/52273"}],"wp:attachment":[{"href":"https:\/\/www.mijas.es\/portal\/wp-json\/wp\/v2\/media?parent=52274"}],"wp:term":[{"taxonomy":"category","embeddable":true,"href":"https:\/\/www.mijas.es\/portal\/wp-json\/wp\/v2\/categories?post=52274"},{"taxonomy":"post_tag","embeddable":true,"href":"https:\/\/www.mijas.es\/portal\/wp-json\/wp\/v2\/tags?post=52274"}],"curies":[{"name":"wp","href":"https:\/\/api.w.org\/{rel}","templated":true}]}}