{"id":52234,"date":"2023-10-18T08:08:42","date_gmt":"2023-10-18T07:08:42","guid":{"rendered":"https:\/\/www.mijas.es\/portal\/?p=52234"},"modified":"2023-10-18T08:08:43","modified_gmt":"2023-10-18T07:08:43","slug":"la-plaza-virgen-de-la-pena-acogera-del-20-al-22-de-octubre-la-quinta-edicion-del-festival-del-queso-y-el-vino","status":"publish","type":"post","link":"https:\/\/www.mijas.es\/portal\/la-plaza-virgen-de-la-pena-acogera-del-20-al-22-de-octubre-la-quinta-edicion-del-festival-del-queso-y-el-vino\/","title":{"rendered":"La plaza Virgen de la Pe\u00f1a acoger\u00e1 del 20 al 22 de octubre la quinta edici\u00f3n del Festival del Queso y el Vino"},"content":{"rendered":"\n<ul>\n<li>Contar\u00e1 con 16 casetas en la que participan tanto comerciantes locales como queseros de la provincia y habr\u00e1 m\u00fasica en directo todos los d\u00edas<\/li>\n<\/ul>\n\n\n\n<p><strong>Mijas, 17 de octubre de 2023.- <\/strong>La concejala de V\u00eda P\u00fablica, Natalia Mart\u00ednez, ha presentado esta ma\u00f1ana junto a comerciantes de Mijas Pueblo la quinta edici\u00f3n del Festival del Queso y el Vino, que tendr\u00e1 lugar los d\u00edas 20, 21 y 22 de octubre en la Plaza Virgen de la Pe\u00f1a. \u201cEste a\u00f1o ser\u00e1n 16 las casetas entre comerciantes del pueblo y los queseros que vienen de la provincia de M\u00e1laga para promocionar sus productos locales\u201d, adelanta la edil.<\/p>\n\n\n\n<p>Una actividad que, como recuerda Mart\u00ednez, \u201cdesde su nacimiento no ha dejado de crecer en n\u00fameros de asistentes. Esta actividad se ha convertido en un reclamo para que los turistas visiten nuestro pueblo m\u00e1s all\u00e1 de la temporada estival\u201d, subrayando la estrecha colaboraci\u00f3n entre la Asociaci\u00f3n de Comerciantes de Mijas Pueblo y el Ayuntamiento de Mijas \u201cpara que esta actividad sea posible, no hay que olvidar que en su desarrollo colaboran departamentos municipales como Fiestas, Cultura, Servicios Operativos, Eficiencia Energ\u00e9tica, as\u00ed como Protecci\u00f3n Civil, Polic\u00eda Local o Renta B\u00e1sica\u201d.<\/p>\n\n\n\n<p>Un cita ineludible para los amantes del buen comer que arrancar\u00e1 todos los d\u00edas a partir de las 12 horas y estar\u00e1 amenizado por m\u00fasica en directo. As\u00ed, el viernes 20, est\u00e1 previsto sobre el escenario la actuaci\u00f3n de \u2018C\u00f3digo Vintage\u2019, el s\u00e1bado 21 \u2018Una de dos\u2019 y el domingo se cerrar\u00e1 el festival con doblete: Fitflamc con Eva Sede\u00f1o y Frank Fusi\u00f3n. Adem\u00e1s, se ha ampliado la zona de sombras y habr\u00e1 una barra de comida del Club Deportivo Mijas.<\/p>\n\n\n\n<p>\u201cEmpez\u00f3 siendo una feria muy peque\u00f1a, iniciamos con 4 casetas y ya vamos por 16. Se ha quedado gente fuera pero porque no entraban m\u00e1s por el espacio f\u00edsico de la propia plaza Virgen de la Pe\u00f1a\u201d, a\u00f1ade por su parte Mart\u00edn G\u00f3mez, presidente de la Asociaci\u00f3n de Comerciantes de Mijas Pueblo.<\/p>\n\n\n\n<p>Uno de los restaurantes locales que estar\u00e1 presente en este festival ser\u00e1 el restaurante La Alcazaba. Es su primera vez \u201cen a\u00f1os anteriores hemos estado como clientes disfrutando de la fiesta y este a\u00f1o hemos querido probar. Traemos todos los que vinos que tenemos en el restaurante\u201d, concluye Lidia Ruiz, una de sus responsables.<\/p>\n","protected":false},"excerpt":{"rendered":"<p>Mijas, 17 de octubre de 2023.- La concejala de V\u00eda P\u00fablica, Natalia Mart\u00ednez, ha presentado esta ma\u00f1ana junto a comerciantes de Mijas Pueblo la quinta edici\u00f3n del Festival del Queso y el Vino, que tendr\u00e1 lugar los d\u00edas 20, 21 y 22 de octubre en la Plaza Virgen de la Pe\u00f1a. \u201cEste a\u00f1o ser\u00e1n 16 [&hellip;]<\/p>\n","protected":false},"author":9,"featured_media":52230,"comment_status":"closed","ping_status":"open","sticky":false,"template":"","format":"standard","meta":[],"categories":[126,1,19],"tags":[],"jetpack_featured_media_url":"https:\/\/www.mijas.es\/wp-content\/uploads\/2023\/10\/20231017-FESTIVAL-DEL-QUESO-Y-EL-VINO.-NATALIA-MARTINEZ.jpg","_links":{"self":[{"href":"https:\/\/www.mijas.es\/portal\/wp-json\/wp\/v2\/posts\/52234"}],"collection":[{"href":"https:\/\/www.mijas.es\/portal\/wp-json\/wp\/v2\/posts"}],"about":[{"href":"https:\/\/www.mijas.es\/portal\/wp-json\/wp\/v2\/types\/post"}],"author":[{"embeddable":true,"href":"https:\/\/www.mijas.es\/portal\/wp-json\/wp\/v2\/users\/9"}],"replies":[{"embeddable":true,"href":"https:\/\/www.mijas.es\/portal\/wp-json\/wp\/v2\/comments?post=52234"}],"version-history":[{"count":1,"href":"https:\/\/www.mijas.es\/portal\/wp-json\/wp\/v2\/posts\/52234\/revisions"}],"predecessor-version":[{"id":52235,"href":"https:\/\/www.mijas.es\/portal\/wp-json\/wp\/v2\/posts\/52234\/revisions\/52235"}],"wp:featuredmedia":[{"embeddable":true,"href":"https:\/\/www.mijas.es\/portal\/wp-json\/wp\/v2\/media\/52230"}],"wp:attachment":[{"href":"https:\/\/www.mijas.es\/portal\/wp-json\/wp\/v2\/media?parent=52234"}],"wp:term":[{"taxonomy":"category","embeddable":true,"href":"https:\/\/www.mijas.es\/portal\/wp-json\/wp\/v2\/categories?post=52234"},{"taxonomy":"post_tag","embeddable":true,"href":"https:\/\/www.mijas.es\/portal\/wp-json\/wp\/v2\/tags?post=52234"}],"curies":[{"name":"wp","href":"https:\/\/api.w.org\/{rel}","templated":true}]}}