{"id":52214,"date":"2023-10-13T13:26:14","date_gmt":"2023-10-13T12:26:14","guid":{"rendered":"https:\/\/www.mijas.es\/portal\/?p=52214"},"modified":"2023-10-13T13:26:16","modified_gmt":"2023-10-13T12:26:16","slug":"mijas-abrira-el-proximo-martes-el-plazo-de-solicitudes-para-las-ayudas-a-personas-con-diversidad-funcional","status":"publish","type":"post","link":"https:\/\/www.mijas.es\/portal\/mijas-abrira-el-proximo-martes-el-plazo-de-solicitudes-para-las-ayudas-a-personas-con-diversidad-funcional\/","title":{"rendered":"Mijas abrir\u00e1 el pr\u00f3ximo martes el plazo de solicitudes para las ayudas a personas con diversidad funcional"},"content":{"rendered":"\n<ul>\n<li>Los interesados tendr\u00e1n del 17 al 30 de octubre, inclusive, para acogerse a estas ayudas que cuentan con una partida presupuestaria de 525.000 euros<\/li>\n<\/ul>\n\n\n\n<p><strong>Mijas, 13 de octubre de 2023.- <\/strong>El concejal de Inclusi\u00f3n Social, Hip\u00f3lito Zapico, ha anunciado este viernes la publicaci\u00f3n de la convocatoria para la solicitud de ayudas a personas con diversidad funcional del ejercicio 2023. El plazo para presentar solicitudes estar\u00e1 abierto desde el pr\u00f3ximo martes 17 hasta el 30 de octubre, ambos inclusive.<\/p>\n\n\n\n<p>\u201cEl Ayuntamiento de Mijas hace una apuesta muy fuerte por esta ayuda. Somos el \u00fanico municipio de la provincia con este tipo de ayuda y con esta cuant\u00eda, unos 525.000 euros de partida presupuestaria, para paliar los costes que suponen las terapias y otros gastos m\u00e9dicos de una persona con diversidad funcional\u201d, explica Zapico, quien ha subrayado que el a\u00f1o pasado se beneficiaron de estas ayudas en torno a unas 250 familias mije\u00f1as.<\/p>\n\n\n\n<p>Las personas interesadas pueden formalizar su solicitud en los registros generales del Ayuntamiento de Mijas o bien \u201cen las oficinas de los propios Servicios Sociales de La Cala, Mijas Pueblo o Las Lagunas, donde tenemos personal cualificado que les ayudar\u00e1 a presentar bien la documentaci\u00f3n desde un primer momento y as\u00ed ahorrar tiempo en subsanar y en corregir errores a posteriori\u201d, a\u00f1ade el edil.<\/p>\n\n\n\n<p>El formulario de solicitud ya se encuentra disponible en la web municipal (<a href=\"https:\/\/www.mijas.es\/portal\/bienestar-social\/\">https:\/\/www.mijas.es\/portal\/bienestar-social\/<\/a>) y entre los requisitos para optar a estas ayudas est\u00e1 tener reconocido y en vigor un grado de discapacidad igual o superior al 45%, o de un 33% si se trata de menores de 18 a\u00f1os; o estar empadronado en Mijas y residir en el municipio como m\u00ednimo por un per\u00edodo de tres a\u00f1os inmediatamente anteriores a la solicitud.<\/p>\n\n\n\n<p>\u201cLa filosof\u00eda de estas ayudas es a mayor grado de discapacidad, mayor dependencia y menores ingresos, m\u00e1s ayuda econ\u00f3mica. Lo que supondr\u00e1 que la persona que obtenga la m\u00e1xima puntuaci\u00f3n podr\u00e1 cobrar hasta un 45% del IPREM, lo que equivaldr\u00eda a unos 3.240 euros de ayuda aproximadamente\u201d, concluye Zapico.<\/p>\n","protected":false},"excerpt":{"rendered":"<p>Mijas, 13 de octubre de 2023.- El concejal de Inclusi\u00f3n Social, Hip\u00f3lito Zapico, ha anunciado este viernes la publicaci\u00f3n de la convocatoria para la solicitud de ayudas a personas con diversidad funcional del ejercicio 2023. El plazo para presentar solicitudes estar\u00e1 abierto desde el pr\u00f3ximo martes 17 hasta el 30 de octubre, ambos inclusive. \u201cEl [&hellip;]<\/p>\n","protected":false},"author":9,"featured_media":52212,"comment_status":"closed","ping_status":"open","sticky":false,"template":"","format":"standard","meta":[],"categories":[1,19,258],"tags":[],"jetpack_featured_media_url":"https:\/\/www.mijas.es\/wp-content\/uploads\/2023\/10\/20231013-AYUDAS-DIVERSIDAD-FUNCIONAL.-HIPOLITO-ZAPICO.jpg","_links":{"self":[{"href":"https:\/\/www.mijas.es\/portal\/wp-json\/wp\/v2\/posts\/52214"}],"collection":[{"href":"https:\/\/www.mijas.es\/portal\/wp-json\/wp\/v2\/posts"}],"about":[{"href":"https:\/\/www.mijas.es\/portal\/wp-json\/wp\/v2\/types\/post"}],"author":[{"embeddable":true,"href":"https:\/\/www.mijas.es\/portal\/wp-json\/wp\/v2\/users\/9"}],"replies":[{"embeddable":true,"href":"https:\/\/www.mijas.es\/portal\/wp-json\/wp\/v2\/comments?post=52214"}],"version-history":[{"count":1,"href":"https:\/\/www.mijas.es\/portal\/wp-json\/wp\/v2\/posts\/52214\/revisions"}],"predecessor-version":[{"id":52215,"href":"https:\/\/www.mijas.es\/portal\/wp-json\/wp\/v2\/posts\/52214\/revisions\/52215"}],"wp:featuredmedia":[{"embeddable":true,"href":"https:\/\/www.mijas.es\/portal\/wp-json\/wp\/v2\/media\/52212"}],"wp:attachment":[{"href":"https:\/\/www.mijas.es\/portal\/wp-json\/wp\/v2\/media?parent=52214"}],"wp:term":[{"taxonomy":"category","embeddable":true,"href":"https:\/\/www.mijas.es\/portal\/wp-json\/wp\/v2\/categories?post=52214"},{"taxonomy":"post_tag","embeddable":true,"href":"https:\/\/www.mijas.es\/portal\/wp-json\/wp\/v2\/tags?post=52214"}],"curies":[{"name":"wp","href":"https:\/\/api.w.org\/{rel}","templated":true}]}}