{"id":52202,"date":"2023-10-13T07:34:57","date_gmt":"2023-10-13T06:34:57","guid":{"rendered":"https:\/\/www.mijas.es\/portal\/?p=52202"},"modified":"2023-10-13T07:34:58","modified_gmt":"2023-10-13T06:34:58","slug":"sanidad-y-educacion-reune-a-representantes-de-los-centros-educativos-de-mijas-para-abordar-temas-sobre-la-salud-mental","status":"publish","type":"post","link":"https:\/\/www.mijas.es\/portal\/sanidad-y-educacion-reune-a-representantes-de-los-centros-educativos-de-mijas-para-abordar-temas-sobre-la-salud-mental\/","title":{"rendered":"Sanidad y Educaci\u00f3n re\u00fane a representantes de los centros educativos de Mijas para abordar temas sobre la Salud Mental"},"content":{"rendered":"\n<ul>\n<li>La edil de Educaci\u00f3n, Maril\u00f3 Olmedo, ha recibido a los orientadores y equipos directivos de colegios e institutos mije\u00f1os para presentarle la programaci\u00f3n que se va a llevar a cabo durante el curso escolar<\/li>\n<\/ul>\n\n\n\n<p><strong>Mijas, 11 de octubre de 2023.-<\/strong> Con motivo del D\u00eda Mundial de la Salud Mental, la concejala de Educaci\u00f3n y Sanidad, Maril\u00f3 Olmedo, ha coordinado una reuni\u00f3n con los orientadores y equipos directivos de todos los centros educativos mije\u00f1os de primaria y secundaria para tener una primera toma de contacto para tratar temas relacionados con la prevenci\u00f3n de la Salud Mental en los j\u00f3venes. \u201cHemos creado un grupo de trabajo para presentar Todos los proyectos que tenemos en mente de realizar y contar a su vez con su apoyo y profesionalidad, porque al fin y al cabo son ellos los que est\u00e1n junto con los docentes diariamente en los colegios, con nuestros ni\u00f1os y ni\u00f1as de forma directa\u201d, apunta la edil, quien adem\u00e1s a\u00f1ade que \u201cdesde sanidad y educaci\u00f3n, nuestro objetivo principal es la salud mental, pues las patolog\u00edas mentales est\u00e1n sufriendo un incremento sustancial en la poblaci\u00f3n joven\u201d.<\/p>\n\n\n\n<p>As\u00ed pues, desde ambos departamentos van a seguir trabajando en los proyectos abordados en el pasado curso escolar, pero adem\u00e1s, van a incrementarlo con un nuevo programa relacionado con el Acoso Escolar con intervenci\u00f3n directa en las aulas con los alumnos y docentes de los doce colegios de infantil y primaria del municipio. El principal objetivo de esta reuni\u00f3n es acoger todas las inquietudes y necesidades de los centros para complementar la programaci\u00f3n destinada a la prevenci\u00f3n de la Salud Mental que se viene llevando a cabo estos a\u00f1os.<\/p>\n\n\n\n<p>En este sentido, el programa \u2018Las mentes tambi\u00e9n se educan\u2019 seguir\u00e1 acogiendo encuentros con familias pero, a su vez, los departamentos ampliar\u00e1n el formato con nuevas actividades m\u00e1s din\u00e1micas y con las familias e hijos. Se trata de una forma de poner en pr\u00e1ctica todo lo trabajado en el curso anterior con actividades familiares. Asimismo, los alumnos de secundaria seguir\u00e1n trabajando con las tips del \u2018Entrena tu mente\u2019 para seguir fomentando los h\u00e1bitos de vida saludable, una forma de promocionar una buena salud mental.<\/p>\n\n\n\n<p>En definitiva, Educaci\u00f3n y Sanidad siguen de la mano potenciando la prevenci\u00f3n de la Salud Mental con todos los recursos competentes. \u201cAl final queremos poner todos nuestros esfuerzos y recursos, porque sabemos que es un problema bastante grave y que va creciendo cada vez m\u00e1s y por ello, tenemos que intentar prevenirlo. Vamos a trabajar en conjunto con toda la comunidad educativa para que poco a poco, todas estas patolog\u00edas mentales disminuyan o al menos, cuando aparezcan tengan todas las herramientas para detectarlas y saber d\u00f3nde acudir para tratarlas\u201d, concluye Olmedo.<\/p>\n","protected":false},"excerpt":{"rendered":"<p>Mijas, 11 de octubre de 2023.- Con motivo del D\u00eda Mundial de la Salud Mental, la concejala de Educaci\u00f3n y Sanidad, Maril\u00f3 Olmedo, ha coordinado una reuni\u00f3n con los orientadores y equipos directivos de todos los centros educativos mije\u00f1os de primaria y secundaria para tener una primera toma de contacto para tratar temas relacionados con [&hellip;]<\/p>\n","protected":false},"author":9,"featured_media":52197,"comment_status":"closed","ping_status":"open","sticky":false,"template":"","format":"standard","meta":[],"categories":[1,7,19,282],"tags":[],"jetpack_featured_media_url":"https:\/\/www.mijas.es\/wp-content\/uploads\/2023\/10\/20231011-REUNION-SALUD-MENTAL.-MARILO-OLMEDO.jpg","_links":{"self":[{"href":"https:\/\/www.mijas.es\/portal\/wp-json\/wp\/v2\/posts\/52202"}],"collection":[{"href":"https:\/\/www.mijas.es\/portal\/wp-json\/wp\/v2\/posts"}],"about":[{"href":"https:\/\/www.mijas.es\/portal\/wp-json\/wp\/v2\/types\/post"}],"author":[{"embeddable":true,"href":"https:\/\/www.mijas.es\/portal\/wp-json\/wp\/v2\/users\/9"}],"replies":[{"embeddable":true,"href":"https:\/\/www.mijas.es\/portal\/wp-json\/wp\/v2\/comments?post=52202"}],"version-history":[{"count":1,"href":"https:\/\/www.mijas.es\/portal\/wp-json\/wp\/v2\/posts\/52202\/revisions"}],"predecessor-version":[{"id":52203,"href":"https:\/\/www.mijas.es\/portal\/wp-json\/wp\/v2\/posts\/52202\/revisions\/52203"}],"wp:featuredmedia":[{"embeddable":true,"href":"https:\/\/www.mijas.es\/portal\/wp-json\/wp\/v2\/media\/52197"}],"wp:attachment":[{"href":"https:\/\/www.mijas.es\/portal\/wp-json\/wp\/v2\/media?parent=52202"}],"wp:term":[{"taxonomy":"category","embeddable":true,"href":"https:\/\/www.mijas.es\/portal\/wp-json\/wp\/v2\/categories?post=52202"},{"taxonomy":"post_tag","embeddable":true,"href":"https:\/\/www.mijas.es\/portal\/wp-json\/wp\/v2\/tags?post=52202"}],"curies":[{"name":"wp","href":"https:\/\/api.w.org\/{rel}","templated":true}]}}