{"id":52200,"date":"2023-10-13T07:34:05","date_gmt":"2023-10-13T06:34:05","guid":{"rendered":"https:\/\/www.mijas.es\/portal\/?p=52200"},"modified":"2023-10-13T07:34:16","modified_gmt":"2023-10-13T06:34:16","slug":"mijas-lidera-en-la-provincia-la-prevision-hotelera-de-cara-al-puente-de-la-hispanidad-donde-roza-el-lleno-absoluto","status":"publish","type":"post","link":"https:\/\/www.mijas.es\/portal\/mijas-lidera-en-la-provincia-la-prevision-hotelera-de-cara-al-puente-de-la-hispanidad-donde-roza-el-lleno-absoluto\/","title":{"rendered":"Mijas lidera en la provincia la previsi\u00f3n hotelera de cara al puente de la Hispanidad donde roza el lleno absoluto"},"content":{"rendered":"\n<ul>\n<li>Los turistas han elegido el municipio para pasar estos d\u00edas festivos donde las cifras se sit\u00faan en un 95 por ciento de ocupaci\u00f3n<\/li>\n\n\n\n<li>La ciudad se encuentra entre los destinos m\u00e1s solicitados de M\u00e1laga durante todo el mes de octubre<\/li>\n<\/ul>\n\n\n\n<p><strong>Mijas, 11 octubre de 2023.-<\/strong> El primer teniente alcalde y edil de Turismo, Jos\u00e9 Carlos Mart\u00edn, ha anunciado esta ma\u00f1ana que las previsiones de ocupaci\u00f3n hotelera para Mijas durante el puente de la Hispanidad son las m\u00e1s altas de la provincia situ\u00e1ndose en un 95 por ciento. \u201cLos turistas han elegido nuestro destino como el m\u00e1s atractivo de la provincia de cara a estos d\u00edas festivos por lo que nos sentimos orgullosos de segur liderando los primeros puestos de turismo en la costa, especialmente, ahora que ya ha terminado la temporada alta\u201d, apunta el concejal quien a\u00f1ade que \u201cel trabajo realizado para romper la estacionalidad con respecto al segmento de golf est\u00e1 dando sus frutos as\u00ed como la promoci\u00f3n que se lleva a cabo durante todo el a\u00f1o de toda la oferta mije\u00f1a en las ferias de turismo m\u00e1s importantes del mundo\u201d.<\/p>\n\n\n\n<p>La Asociaci\u00f3n de Empresarios Hoteleros de la Costa del Sol (Aehcos) ha lanzado sus previsiones de ocupaci\u00f3n hotelera para el Puente de la Hispanidad. Seg\u00fan la asociaci\u00f3n, la provincia de M\u00e1laga alcanzar\u00e1 el 88,9 por ciento de ocupaci\u00f3n en los pr\u00f3ximos d\u00edas 12,13,14 y 15 de octubre por lo que Mijas estar\u00eda 6 puntos por encima de la media. \u201cAdem\u00e1s de los datos con los que ya contamos es factible, incluso, superar las cifras pues el buen tiempo puede contribuir a reservas de \u00faltima hora\u201d, a\u00f1ade el primer teniente alcalde.<\/p>\n\n\n\n<p>\u201cLa festividad del D\u00eda de la Hispanidad se presenta como una gran oportunidad para nuestro sector en un mes considerado de temporada baja\u201d, ha expresado en un comunicado, por su parte, Jos\u00e9 Luque, presidente de Aehcos insistiendo \u201cno s\u00f3lo en la importancia del turismo internacional, que en estas fechas ronda el 70 por ciento, sino del impulso que puede llevarnos este puente de cara a los turistas nacionales\u201d.<\/p>\n\n\n\n<p>As\u00ed pues, Mijas ha batido r\u00e9cords este verano donde agosto se convirti\u00f3 en el mes con mayor ocupaci\u00f3n hotelera de la historia mije\u00f1a superando el 91,59 por ciento. \u201cEste 2023 est\u00e1 siendo un a\u00f1o muy productivo para nuestra ciudad y seguiremos trabajando para mantener estos n\u00fameros ya que la industria tur\u00edstica es una fuente de ingresos para nuestra econom\u00eda y un importante motor para la generaci\u00f3n de empleo\u201d, concluye el primer teniente alcalde.<\/p>\n","protected":false},"excerpt":{"rendered":"<p>Mijas, 11 octubre de 2023.- El primer teniente alcalde y edil de Turismo, Jos\u00e9 Carlos Mart\u00edn, ha anunciado esta ma\u00f1ana que las previsiones de ocupaci\u00f3n hotelera para Mijas durante el puente de la Hispanidad son las m\u00e1s altas de la provincia situ\u00e1ndose en un 95 por ciento. \u201cLos turistas han elegido nuestro destino como el [&hellip;]<\/p>\n","protected":false},"author":9,"featured_media":52196,"comment_status":"closed","ping_status":"open","sticky":false,"template":"","format":"standard","meta":[],"categories":[1,19,72],"tags":[],"jetpack_featured_media_url":"https:\/\/www.mijas.es\/wp-content\/uploads\/2023\/10\/20231011-OCUPACION-HOTELERA.-JOSE-CARLOS-MARTIN.jpg","_links":{"self":[{"href":"https:\/\/www.mijas.es\/portal\/wp-json\/wp\/v2\/posts\/52200"}],"collection":[{"href":"https:\/\/www.mijas.es\/portal\/wp-json\/wp\/v2\/posts"}],"about":[{"href":"https:\/\/www.mijas.es\/portal\/wp-json\/wp\/v2\/types\/post"}],"author":[{"embeddable":true,"href":"https:\/\/www.mijas.es\/portal\/wp-json\/wp\/v2\/users\/9"}],"replies":[{"embeddable":true,"href":"https:\/\/www.mijas.es\/portal\/wp-json\/wp\/v2\/comments?post=52200"}],"version-history":[{"count":1,"href":"https:\/\/www.mijas.es\/portal\/wp-json\/wp\/v2\/posts\/52200\/revisions"}],"predecessor-version":[{"id":52201,"href":"https:\/\/www.mijas.es\/portal\/wp-json\/wp\/v2\/posts\/52200\/revisions\/52201"}],"wp:featuredmedia":[{"embeddable":true,"href":"https:\/\/www.mijas.es\/portal\/wp-json\/wp\/v2\/media\/52196"}],"wp:attachment":[{"href":"https:\/\/www.mijas.es\/portal\/wp-json\/wp\/v2\/media?parent=52200"}],"wp:term":[{"taxonomy":"category","embeddable":true,"href":"https:\/\/www.mijas.es\/portal\/wp-json\/wp\/v2\/categories?post=52200"},{"taxonomy":"post_tag","embeddable":true,"href":"https:\/\/www.mijas.es\/portal\/wp-json\/wp\/v2\/tags?post=52200"}],"curies":[{"name":"wp","href":"https:\/\/api.w.org\/{rel}","templated":true}]}}