{"id":52198,"date":"2023-10-13T07:33:15","date_gmt":"2023-10-13T06:33:15","guid":{"rendered":"https:\/\/www.mijas.es\/portal\/?p=52198"},"modified":"2023-10-13T07:33:16","modified_gmt":"2023-10-13T06:33:16","slug":"mijas-reivindica-la-salud-mental-como-derecho-universal","status":"publish","type":"post","link":"https:\/\/www.mijas.es\/portal\/mijas-reivindica-la-salud-mental-como-derecho-universal\/","title":{"rendered":"Mijas reivindica la salud mental como derecho universal"},"content":{"rendered":"\n<ul>\n<li>El Ayuntamiento de Mijas se suma al D\u00eda Mundial de la Salud Mental con la lectura de un manifiesto en la puerta de la casa consistorial en la que han participado miembros de la corporaci\u00f3n municipal, as\u00ed como integrantes de AFESOL<\/li>\n<\/ul>\n\n\n\n<p><strong>Mijas, 11 de octubre de 2023.- <\/strong>El alcalde de Mijas, Josele Gonz\u00e1lez, el concejal de Inclusi\u00f3n Social, Hip\u00f3lito Zapico, y la concejala de Sanidad, Maril\u00f3 Olmedo, junto al vicepresidente de AFESOL Salud Mental Costa del Sol, Cristian Gonz\u00e1lez, han presidido la lectura de un manifiesto en la puerta de la casa consistorial con motivo del D\u00eda Mundial de la Salud Mental, celebrado el pasado 10 de octubre.<\/p>\n\n\n\n<p>\u201cEl compromiso de este ayuntamiento con la salud mental es diario y as\u00ed lo demostramos en la gesti\u00f3n municipal de manera transversal, haciendo part\u00edcipes a numerosas \u00e1reas como Sanidad, Inclusi\u00f3n Social, Polic\u00eda Local con la figura del agente tutor o Cultura y V\u00eda P\u00fablica, conveniando espacios p\u00fablicos para crear oportunidades laborales a aquellas personas con enfermedades mentales que tienen dificultades para encontrar un empleo\u201d, afirma el alcalde, quien ha querido agradecer \u201cel compromiso de AFESOL dentro de la Costa del Sol, y muy especialmente con los usuarios mije\u00f1os, para seguir luchando contra la estigmatizaci\u00f3n de estas enfermedades y garantizar el acceso a una sanidad p\u00fablica y de calidad a sus pacientes\u201d.<\/p>\n\n\n\n<p>En este sentido, Olmedo ha subrayado \u201cla importancia que tiene la salud mental y que todas las administraciones trabajemos de la mano para sumar esfuerzos, desde el Ayuntamiento de Mijas con la prevenci\u00f3n, pasando por la comunidad aut\u00f3noma y el estado con la intervenci\u00f3n, el diagn\u00f3stico y la asistencia, para proveer de recursos a estos pacientes\u201d.<\/p>\n\n\n\n<p>Por su parte Zapico ha recordado que \u201cen el pr\u00f3ximo mes de noviembre nos reuniremos de nuevo en la mesa de trabajo del Plan de Salud Mental y Prevenci\u00f3n del Suicidio para seguir trazando las l\u00edneas de actuaci\u00f3n en esta materia\u201d, a\u00f1adiendo que \u201cdesde la pandemia se han disparado los casos entre adolescentes y es por ello que desde el \u00e1rea de Inclusi\u00f3n Social hemos financiado un programa de salud mental con AFESOL que se imparte espec\u00edficamente en los institutos mije\u00f1os\u201d.<\/p>\n\n\n\n<p>Cabe destacar que el Ayuntamiento de Mijas colabora activamente con AFESOL Salud Mental Costa del Sol no solo con una subvenci\u00f3n anual que se le otorga al colectivo a trav\u00e9s del \u00e1rea de Inclusi\u00f3n Social, sino tambi\u00e9n en la cesi\u00f3n de diferentes espacios p\u00fablicos como el parking del recinto ferial de La Cala o el Carromato de Mijas Pueblo con el objetivo de facilitar la inserci\u00f3n laboral de sus usuarios, as\u00ed como la parcela cedida para la construcci\u00f3n de sus pisos tutelados.<\/p>\n\n\n\n<p>\u201cDesde Afesol Salud Mental Costa del Sol, nuestro objetivo principal es contribuir a mejorar la calidad de vida de las personas con enfermedad mental y sus familias, reivindicar mejoras en la Salud Mental en la Costa del Sol, y apoyar a los familiares y a las personas con enfermedad mental en las relaciones con la administraciones\u201d, explica por su parte Cristian Gonz\u00e1lez, vicepresidente de AFESOL.<\/p>\n\n\n\n<p>Bajo el lema &#8216;Salud mental, Salud mundial. Un derecho universal\u2019, este a\u00f1o se ha conmemorado el D\u00eda Mundial de la Salud poniendo el foco en la salud mental como derecho humano fundamental y un elemento esencial para el desarrollo personal, comunitario y socioecon\u00f3mico.<\/p>\n\n\n\n<p>De acuerdo con un informe de la Confederaci\u00f3n de la Salud Mental en Espa\u00f1a y la Fundaci\u00f3n Mutua Madrile\u00f1a, hasta un 22,8% de las personas (casi una de cada cuatro) en nuestro pa\u00eds atraviesa por alg\u00fan problema de salud mental o sufrimiento ps\u00edquico. Los datos de este bar\u00f3metro tambi\u00e9n muestran que 1 de cada 4 j\u00f3venes ha experimentado alguna vez ideas suicidas(23,8%), un 11,3% piensa en el suicidio con cierta frecuencia y un 13,8% experimenta ideas de suicidio con mucha frecuencia o continuamente.<\/p>\n","protected":false},"excerpt":{"rendered":"<p>Mijas, 11 de octubre de 2023.- El alcalde de Mijas, Josele Gonz\u00e1lez, el concejal de Inclusi\u00f3n Social, Hip\u00f3lito Zapico, y la concejala de Sanidad, Maril\u00f3 Olmedo, junto al vicepresidente de AFESOL Salud Mental Costa del Sol, Cristian Gonz\u00e1lez, han presidido la lectura de un manifiesto en la puerta de la casa consistorial con motivo del [&hellip;]<\/p>\n","protected":false},"author":9,"featured_media":52195,"comment_status":"closed","ping_status":"open","sticky":false,"template":"","format":"standard","meta":[],"categories":[1,19,282,258],"tags":[],"jetpack_featured_media_url":"https:\/\/www.mijas.es\/wp-content\/uploads\/2023\/10\/20231011-DIA-MUNDIAL-DE-LA-SALUD-MENTAL.-JOSELE-GONZALEZ-MARILO-OLMEDO-E-HIPOLITO-ZAPICO.jpg","_links":{"self":[{"href":"https:\/\/www.mijas.es\/portal\/wp-json\/wp\/v2\/posts\/52198"}],"collection":[{"href":"https:\/\/www.mijas.es\/portal\/wp-json\/wp\/v2\/posts"}],"about":[{"href":"https:\/\/www.mijas.es\/portal\/wp-json\/wp\/v2\/types\/post"}],"author":[{"embeddable":true,"href":"https:\/\/www.mijas.es\/portal\/wp-json\/wp\/v2\/users\/9"}],"replies":[{"embeddable":true,"href":"https:\/\/www.mijas.es\/portal\/wp-json\/wp\/v2\/comments?post=52198"}],"version-history":[{"count":1,"href":"https:\/\/www.mijas.es\/portal\/wp-json\/wp\/v2\/posts\/52198\/revisions"}],"predecessor-version":[{"id":52199,"href":"https:\/\/www.mijas.es\/portal\/wp-json\/wp\/v2\/posts\/52198\/revisions\/52199"}],"wp:featuredmedia":[{"embeddable":true,"href":"https:\/\/www.mijas.es\/portal\/wp-json\/wp\/v2\/media\/52195"}],"wp:attachment":[{"href":"https:\/\/www.mijas.es\/portal\/wp-json\/wp\/v2\/media?parent=52198"}],"wp:term":[{"taxonomy":"category","embeddable":true,"href":"https:\/\/www.mijas.es\/portal\/wp-json\/wp\/v2\/categories?post=52198"},{"taxonomy":"post_tag","embeddable":true,"href":"https:\/\/www.mijas.es\/portal\/wp-json\/wp\/v2\/tags?post=52198"}],"curies":[{"name":"wp","href":"https:\/\/api.w.org\/{rel}","templated":true}]}}