{"id":52187,"date":"2023-10-10T13:18:35","date_gmt":"2023-10-10T12:18:35","guid":{"rendered":"https:\/\/www.mijas.es\/portal\/?p=52187"},"modified":"2023-10-10T13:18:35","modified_gmt":"2023-10-10T12:18:35","slug":"mas-de-124-000-personas-hicieron-uso-del-bus-lanzadera-durante-los-meses-de-verano","status":"publish","type":"post","link":"https:\/\/www.mijas.es\/portal\/mas-de-124-000-personas-hicieron-uso-del-bus-lanzadera-durante-los-meses-de-verano\/","title":{"rendered":"M\u00e1s de 124.000 personas hicieron uso del bus lanzadera durante los meses de verano"},"content":{"rendered":"\n<ul>\n<li>Este servicio gratuito, que conecta la Cantera de del Puerto con el casco hist\u00f3rico de Mijas Pueblo, se tuvo que reforzar durante el mes de agosto con un segundo autob\u00fas diario debido a la gran afluencia de visitantes<\/li>\n<\/ul>\n\n\n\n<p><strong>Mijas, 10 de octubre de 2023.- <\/strong>M\u00e1s de 124.000 personas hicieron uso del bus lanzadera que conecta la Cantera del Puerto con el casco hist\u00f3rico de Mijas Pueblo. La concejala de Movilidad Urbana, Natalia Mart\u00ednez, ha hecho balance de este servicio gratuito que ha estado operativo hasta el pasado 17 de septiembre.<\/p>\n\n\n\n<p>\u201cDel 15 de junio al 17 de septiembre, 124.060 pasajeros se han desplazado de la Cantera del Puerto, con unas 600 plazas de aparcamiento, al centro de Mijas Pueblo con el bus lanzadera, un servicio gratuito que el Ayuntamiento de Mijas, a trav\u00e9s del \u00e1rea de Movilidad Urbana, pone a disposici\u00f3n de los miles de visitantes que llegan cada d\u00eda al pueblo durante el per\u00edodo estival\u201d, explica la edil.<\/p>\n\n\n\n<p>As\u00ed, julio y agosto vuelven a ser los meses que concentraron mayor volumen de pasajeros \u201ccon una media diaria de 1250 y 1960 pasajeros respectivamente, llegando incluso en el mes de agosto a reforzarse el servicio con un segundo autob\u00fas para cubrir las necesidad de movilidad de los turistas que visitaban nuestro pueblo. La cifra baja en junio y septiembre pero ronda los 700-900 pasajeros, lo que se\u00f1ala que Mijas Pueblo sigue siendo un destino muy visitado incluso en los meses de verano menos tur\u00edsticos\u201d.<\/p>\n\n\n\n<p>Por otro lado, Mart\u00ednez ha recordado que el bus lanzadera no solo se ha reforzado durante el mes de agosto, tambi\u00e9n se ha hecho de manera puntual durante la celebraci\u00f3n de algunos eventos veraniegos como la Noche Latina, Noche Celta, D\u00eda del Turista, Noche de Blues, Festival de Flamenco Villa de Mijas, el Festival de Teatro Villa de Mijas, as\u00ed como otras actividades culturales que se han dado cita en el Auditorio Municipal, sin olvidar la Feria y Fiestas de Mijas en honor a la patrona del municipio, la Virgen de la Pe\u00f1a.<\/p>\n\n\n\n<p>\u201cDurante esos d\u00edas, no solo hemos reforzado el servicio con un segundo autob\u00fas, sino que tambi\u00e9n se ha ampliado el horario y la frecuencia en los que se presta el servicio, para facilitar a los visitantes su vuelta a la Cantera del Puerto cuando el evento se extend\u00eda m\u00e1s all\u00e1 de la medianoche\u201d, a\u00f1ade la edil, que se muestra \u201csatisfecha de un servicio que busca promover una movilidad sostenible en nuestro pueblo\u201d.<\/p>\n\n\n\n<p>Carlos Jos\u00e9 Rebel ha sido uno de los conductores que han prestado el servicio durante este per\u00edodo estival que, seg\u00fan sus palabras, \u201cha habido mucho movimiento\u201d pero los usuarios \u201chan salido muy contentos porque no han tenido que buscar aparcamiento y se han desplazado hasta el casco hist\u00f3rico de Mijas Pueblo de forma c\u00f3moda, en un autob\u00fas que cuenta con todas las comodidades\u201d.<\/p>\n","protected":false},"excerpt":{"rendered":"<p>Mijas, 10 de octubre de 2023.- M\u00e1s de 124.000 personas hicieron uso del bus lanzadera que conecta la Cantera del Puerto con el casco hist\u00f3rico de Mijas Pueblo. La concejala de Movilidad Urbana, Natalia Mart\u00ednez, ha hecho balance de este servicio gratuito que ha estado operativo hasta el pasado 17 de septiembre. \u201cDel 15 de [&hellip;]<\/p>\n","protected":false},"author":9,"featured_media":52186,"comment_status":"closed","ping_status":"open","sticky":false,"template":"","format":"standard","meta":[],"categories":[1,19,71],"tags":[],"jetpack_featured_media_url":"https:\/\/www.mijas.es\/wp-content\/uploads\/2023\/10\/20231010-BUS-LANZADERA.-NATALIA-MARTINEZ-scaled.jpg","_links":{"self":[{"href":"https:\/\/www.mijas.es\/portal\/wp-json\/wp\/v2\/posts\/52187"}],"collection":[{"href":"https:\/\/www.mijas.es\/portal\/wp-json\/wp\/v2\/posts"}],"about":[{"href":"https:\/\/www.mijas.es\/portal\/wp-json\/wp\/v2\/types\/post"}],"author":[{"embeddable":true,"href":"https:\/\/www.mijas.es\/portal\/wp-json\/wp\/v2\/users\/9"}],"replies":[{"embeddable":true,"href":"https:\/\/www.mijas.es\/portal\/wp-json\/wp\/v2\/comments?post=52187"}],"version-history":[{"count":1,"href":"https:\/\/www.mijas.es\/portal\/wp-json\/wp\/v2\/posts\/52187\/revisions"}],"predecessor-version":[{"id":52188,"href":"https:\/\/www.mijas.es\/portal\/wp-json\/wp\/v2\/posts\/52187\/revisions\/52188"}],"wp:featuredmedia":[{"embeddable":true,"href":"https:\/\/www.mijas.es\/portal\/wp-json\/wp\/v2\/media\/52186"}],"wp:attachment":[{"href":"https:\/\/www.mijas.es\/portal\/wp-json\/wp\/v2\/media?parent=52187"}],"wp:term":[{"taxonomy":"category","embeddable":true,"href":"https:\/\/www.mijas.es\/portal\/wp-json\/wp\/v2\/categories?post=52187"},{"taxonomy":"post_tag","embeddable":true,"href":"https:\/\/www.mijas.es\/portal\/wp-json\/wp\/v2\/tags?post=52187"}],"curies":[{"name":"wp","href":"https:\/\/api.w.org\/{rel}","templated":true}]}}