{"id":52174,"date":"2023-10-09T13:32:11","date_gmt":"2023-10-09T12:32:11","guid":{"rendered":"https:\/\/www.mijas.es\/portal\/?p=52174"},"modified":"2023-10-09T13:32:12","modified_gmt":"2023-10-09T12:32:12","slug":"unas-9-000-personas-disfrutaron-del-parque-del-agua-durante-la-temporada-estival","status":"publish","type":"post","link":"https:\/\/www.mijas.es\/portal\/unas-9-000-personas-disfrutaron-del-parque-del-agua-durante-la-temporada-estival\/","title":{"rendered":"Unas 9.000 personas disfrutaron del Parque del Agua durante la temporada estival"},"content":{"rendered":"\n<ul>\n<li>El circuito acu\u00e1tico ha estado a disposici\u00f3n de vecinos, visitantes y tambi\u00e9n del alumnado de las escuelas de verano del municipio<\/li>\n<\/ul>\n\n\n\n<p><strong>Mijas, 09 de octubre de 2023.- <\/strong>Con la llegada del oto\u00f1o, las instalaciones acu\u00e1ticas del Parque del Agua de Mijas echan el cierre hasta el pr\u00f3ximo a\u00f1o. As\u00ed lo ha anunciado la concejala de Parques y Jardines, Laura Moreno, quien ha hecho un balance muy positivo de la temporada estival en este enclave lagunero.<\/p>\n\n\n\n<p>\u201cEste a\u00f1o tuvimos que abrir un poco antes, durante el mes de mayo, dada las altas temperaturas que registramos por esa fecha, permaneciendo abierto hasta el pasado 30 de septiembre. Durante todo ese tiempo, unas 9.000 personas han visitado el Parque del Agua de Las Lagunas. Hablamos de ni\u00f1os y ni\u00f1as, pero tambi\u00e9n de padres y abuelos porque es un parque muy familiar en el que todos y todas disfrutan de su circuito de agua\u201d, detalla la edil.<\/p>\n\n\n\n<figure class=\"wp-block-image size-large\"><img decoding=\"async\" width=\"1024\" height=\"683\" src=\"https:\/\/www.mijas.es\/wp-content\/uploads\/2023\/10\/20231009-PARQUE-DEL-AGUA--1024x683.jpg\" alt=\"\" class=\"wp-image-52173\" srcset=\"https:\/\/www.mijas.es\/wp-content\/uploads\/2023\/10\/20231009-PARQUE-DEL-AGUA--1024x683.jpg 1024w, https:\/\/www.mijas.es\/wp-content\/uploads\/2023\/10\/20231009-PARQUE-DEL-AGUA--300x200.jpg 300w, https:\/\/www.mijas.es\/wp-content\/uploads\/2023\/10\/20231009-PARQUE-DEL-AGUA--768x512.jpg 768w, https:\/\/www.mijas.es\/wp-content\/uploads\/2023\/10\/20231009-PARQUE-DEL-AGUA-.jpg 1500w\" sizes=\"(max-width: 1024px) 100vw, 1024px\" \/><\/figure>\n\n\n\n<p>A la visita de vecinos y turistas, se suma el alumnado de las escuelas de verano del municipio \u201cque han tenido a su disposici\u00f3n el parque en una franja horaria concreta para que los ni\u00f1os y ni\u00f1as pudiesen realizar actividades en estas instalaciones que son un referente en nuestra zona, no en vano son numerosas las personas de otros municipios que se desplazan hasta Mijas para disfrutar de un parque con estas caracter\u00edsticas\u201d.<\/p>\n\n\n\n<p>Cabe recordar que el Parque del Agua cuenta con un circuito cerrado de agua, \u201csostenible y que es mantenido semanalmente por la empresa que tiene concedida el contrato. No se hace gasto de agua m\u00e1s all\u00e1 de aquella que se evapora por el calor y estamos hablando de agua que siempre est\u00e1 clorada\u201d, a\u00f1ade la edil, quien concluye que \u201cpese a que ya no est\u00e1 en funcionamiento el circuito de juegos acu\u00e1ticos, este parque y la zona de ocio infantil del mismo est\u00e1 abierto los 365 d\u00edas del a\u00f1o\u201d.<\/p>\n","protected":false},"excerpt":{"rendered":"<p>Mijas, 09 de octubre de 2023.- Con la llegada del oto\u00f1o, las instalaciones acu\u00e1ticas del Parque del Agua de Mijas echan el cierre hasta el pr\u00f3ximo a\u00f1o. As\u00ed lo ha anunciado la concejala de Parques y Jardines, Laura Moreno, quien ha hecho un balance muy positivo de la temporada estival en este enclave lagunero. \u201cEste [&hellip;]<\/p>\n","protected":false},"author":9,"featured_media":52175,"comment_status":"closed","ping_status":"open","sticky":false,"template":"","format":"standard","meta":[],"categories":[1,19,257],"tags":[],"jetpack_featured_media_url":"https:\/\/www.mijas.es\/wp-content\/uploads\/2023\/10\/20231009-PARQUE-DEL-AGUA.-LAURA-MORENO.jpg","_links":{"self":[{"href":"https:\/\/www.mijas.es\/portal\/wp-json\/wp\/v2\/posts\/52174"}],"collection":[{"href":"https:\/\/www.mijas.es\/portal\/wp-json\/wp\/v2\/posts"}],"about":[{"href":"https:\/\/www.mijas.es\/portal\/wp-json\/wp\/v2\/types\/post"}],"author":[{"embeddable":true,"href":"https:\/\/www.mijas.es\/portal\/wp-json\/wp\/v2\/users\/9"}],"replies":[{"embeddable":true,"href":"https:\/\/www.mijas.es\/portal\/wp-json\/wp\/v2\/comments?post=52174"}],"version-history":[{"count":1,"href":"https:\/\/www.mijas.es\/portal\/wp-json\/wp\/v2\/posts\/52174\/revisions"}],"predecessor-version":[{"id":52176,"href":"https:\/\/www.mijas.es\/portal\/wp-json\/wp\/v2\/posts\/52174\/revisions\/52176"}],"wp:featuredmedia":[{"embeddable":true,"href":"https:\/\/www.mijas.es\/portal\/wp-json\/wp\/v2\/media\/52175"}],"wp:attachment":[{"href":"https:\/\/www.mijas.es\/portal\/wp-json\/wp\/v2\/media?parent=52174"}],"wp:term":[{"taxonomy":"category","embeddable":true,"href":"https:\/\/www.mijas.es\/portal\/wp-json\/wp\/v2\/categories?post=52174"},{"taxonomy":"post_tag","embeddable":true,"href":"https:\/\/www.mijas.es\/portal\/wp-json\/wp\/v2\/tags?post=52174"}],"curies":[{"name":"wp","href":"https:\/\/api.w.org\/{rel}","templated":true}]}}