{"id":52155,"date":"2023-10-06T13:31:54","date_gmt":"2023-10-06T12:31:54","guid":{"rendered":"https:\/\/www.mijas.es\/portal\/?p=52155"},"modified":"2023-10-06T13:31:55","modified_gmt":"2023-10-06T12:31:55","slug":"mijas-cierra-la-ocupacion-hotelera-de-septiembre-con-un-857-por-ciento","status":"publish","type":"post","link":"https:\/\/www.mijas.es\/portal\/mijas-cierra-la-ocupacion-hotelera-de-septiembre-con-un-857-por-ciento\/","title":{"rendered":"Mijas cierra la ocupaci\u00f3n hotelera de septiembre con un 85,7 por ciento"},"content":{"rendered":"\n<ul>\n<li>La ciudad se encuentra entre los destinos m\u00e1s solicitados de la provincia de M\u00e1laga de cara al mes de octubre<\/li>\n<\/ul>\n\n\n\n<p><strong>Mijas, 06 octubre de 2023.-<\/strong> El primer teniente alcalde y edil de Turismo, Jos\u00e9 Carlos Mart\u00edn, ha realizado esta ma\u00f1ana un balance de la ocupaci\u00f3n hotelera en un periodo estival que ha calificado de \u201cproductivo\u201d en la ciudad. \u201cHemos cerrado septiembre con una ocupaci\u00f3n hotelera del 85,7 por ciento lo que demuestra que seguimos estando a la cabeza de los destinos favoritos del sur de Espa\u00f1a. Este verano hemos batido r\u00e9cords hist\u00f3ricos en este \u00e1mbito y continuamos trabajando, no solo para la temporada alta, sino para que podamos crecer en temporada baja\u201d, apunta el concejal.<\/p>\n\n\n\n<p>En este sentido, cabe destacar que durante la \u00e9poca estival los datos han ido aumentando siendo las cifras de julio de un 90,32 por ciento y las de agosto de un 91,59 por ciento. Todos estos datos ofrecidos por la Asociaci\u00f3n de Empresarios Hoteleros de la Costa del Sol (AHECOS) se suman a las previsiones para octubre que muestran como destinos m\u00e1s solicitados a Benalm\u00e1dena, Mijas, M\u00e1laga capital y Marbella. \u201cPara el mes de octubre somos uno de los destinos m\u00e1s solicitados de la Costa del Sol por lo que el horizonte del oto\u00f1o e invierno puede ser mejor que el del a\u00f1o pasado. Estamos apostando por el golf que es un segmento que rompe la estacionalidad y ahora empezamos a asistir a las ferias internacionales de turismo. Vamos al alza y eso significa estabilidad y riqueza en los empleos relacionados con el sector\u201d, asegura Mart\u00edn.<\/p>\n\n\n\n<p>Asimismo, el primer teniente alcalde ha a\u00f1adido que \u201cvamos a seguir trabajando codo a codo con los empresarios del sector porque estos datos son sin\u00f3nimo de puestos de trabajo en la ciudad y de generaci\u00f3n de riqueza, no solo para los hoteles, sino tambi\u00e9n para los comercios y restaurantes de los alrededores por lo que muchas familias mije\u00f1as se ven beneficiadas del buen funcionamiento de nuestra industria tur\u00edstica\u201d.<\/p>\n\n\n\n<p>A\u00fan as\u00ed, la tendencia general en la Costa del Sol ha ido a la baja respecto a 2022 porque ha descendido el turismo nacional a causa de la inflaci\u00f3n, los incrementos en los tipos de inter\u00e9s de las hipotecas y la subida de los combustibles seg\u00fan informa Ahecos. \u201cQue crezcamos en Mijas en esta \u00e9poca tan complicada de la econom\u00eda es una muestra del trabajo del departamento de Turismo. Seguiremos en esta misma l\u00ednea para ir paliando todos estos problemas y que nuestra industria no se vea afectada\u201d, concluye Mart\u00edn.<\/p>\n","protected":false},"excerpt":{"rendered":"<p>Mijas, 06 octubre de 2023.- El primer teniente alcalde y edil de Turismo, Jos\u00e9 Carlos Mart\u00edn, ha realizado esta ma\u00f1ana un balance de la ocupaci\u00f3n hotelera en un periodo estival que ha calificado de \u201cproductivo\u201d en la ciudad. \u201cHemos cerrado septiembre con una ocupaci\u00f3n hotelera del 85,7 por ciento lo que demuestra que seguimos estando [&hellip;]<\/p>\n","protected":false},"author":9,"featured_media":52152,"comment_status":"closed","ping_status":"open","sticky":false,"template":"","format":"standard","meta":[],"categories":[1,19,72],"tags":[],"jetpack_featured_media_url":"https:\/\/www.mijas.es\/wp-content\/uploads\/2023\/10\/20231006-OCUPACION-HOTELERA.-JOSE-CARLOS-MARTIN.jpg","_links":{"self":[{"href":"https:\/\/www.mijas.es\/portal\/wp-json\/wp\/v2\/posts\/52155"}],"collection":[{"href":"https:\/\/www.mijas.es\/portal\/wp-json\/wp\/v2\/posts"}],"about":[{"href":"https:\/\/www.mijas.es\/portal\/wp-json\/wp\/v2\/types\/post"}],"author":[{"embeddable":true,"href":"https:\/\/www.mijas.es\/portal\/wp-json\/wp\/v2\/users\/9"}],"replies":[{"embeddable":true,"href":"https:\/\/www.mijas.es\/portal\/wp-json\/wp\/v2\/comments?post=52155"}],"version-history":[{"count":1,"href":"https:\/\/www.mijas.es\/portal\/wp-json\/wp\/v2\/posts\/52155\/revisions"}],"predecessor-version":[{"id":52156,"href":"https:\/\/www.mijas.es\/portal\/wp-json\/wp\/v2\/posts\/52155\/revisions\/52156"}],"wp:featuredmedia":[{"embeddable":true,"href":"https:\/\/www.mijas.es\/portal\/wp-json\/wp\/v2\/media\/52152"}],"wp:attachment":[{"href":"https:\/\/www.mijas.es\/portal\/wp-json\/wp\/v2\/media?parent=52155"}],"wp:term":[{"taxonomy":"category","embeddable":true,"href":"https:\/\/www.mijas.es\/portal\/wp-json\/wp\/v2\/categories?post=52155"},{"taxonomy":"post_tag","embeddable":true,"href":"https:\/\/www.mijas.es\/portal\/wp-json\/wp\/v2\/tags?post=52155"}],"curies":[{"name":"wp","href":"https:\/\/api.w.org\/{rel}","templated":true}]}}