{"id":52153,"date":"2023-10-06T13:31:14","date_gmt":"2023-10-06T12:31:14","guid":{"rendered":"https:\/\/www.mijas.es\/portal\/?p=52153"},"modified":"2023-10-06T13:31:15","modified_gmt":"2023-10-06T12:31:15","slug":"mijas-celebra-el-patron-de-la-policia-local-con-la-entrega-de-condecoraciones-y-felicitaciones-a-agentes","status":"publish","type":"post","link":"https:\/\/www.mijas.es\/portal\/mijas-celebra-el-patron-de-la-policia-local-con-la-entrega-de-condecoraciones-y-felicitaciones-a-agentes\/","title":{"rendered":"Mijas celebra el patr\u00f3n de la Polic\u00eda Local con la entrega de condecoraciones y felicitaciones a agentes"},"content":{"rendered":"\n<ul>\n<li>El alcalde de Mijas, Josele Gonz\u00e1lez, ha presidido el acto celebrado en el Teatro Las Lagunas, donde se han otorgado siete cruces al m\u00e9rito policial y nueve felicitaciones por actuaciones del \u00faltimo a\u00f1o, as\u00ed como cuatro felicitaciones externas<\/li>\n<\/ul>\n\n\n\n<p><strong>Mijas, 05 de octubre de 2023.- <\/strong>El Teatro de Mijas se ha vestido de largo un a\u00f1o m\u00e1s para acoger la celebraci\u00f3n del Patr\u00f3n de la Polic\u00eda Local, durante la cual se han hecho entrega de las condecoraciones y felicitaciones a agentes de este cuerpo de seguridad local. El acto ha estado presidido por el alcalde de Mijas, Josele Gonz\u00e1lez, y ha contado con la presencia de numerosos miembros de la corporaci\u00f3n municipal as\u00ed como representantes de las diferentes fuerzas de seguridad del Estado.<\/p>\n\n\n\n<p>Durante su discurso, Gonz\u00e1lez ha subrayado que los casi 150 agentes que componen la Polic\u00eda Local de Mijas \u201cson de vital importancia para una ciudad como la nuestra, con 149 kil\u00f3metros, tres n\u00facleos urbanos, diseminados, urbanizaciones, m\u00e1s de 93.000 habitantes y miles de visitantes, pero ah\u00ed est\u00e1is todos y todas, dando lo mejor de vosotros mismos, con profesionalidad, entrega y esp\u00edritu de servicio p\u00fablico, haciendo de la Polic\u00eda Local un ejemplo dentro y fuera de nuestra provincia\u201d.<\/p>\n\n\n\n<p>En este sentido, el primer edil ha puesto en valor la colaboraci\u00f3n de la Polic\u00eda Local de Mijas con otras instituciones en la lucha activa, entre otros aspectos, del absentismo escolar. \u201cEse trabajo ser\u00eda imposible sin vuestra mano tendida, gracias a vuestra ayuda Mijas ha sido premiada en varias ocasiones a nivel nacional por la figura del agente tutor\u201d, a\u00f1adiendo que a\u00fan quedan desaf\u00edos por abordar, como la ampliaci\u00f3n de la plantilla, \u201cpero seguir\u00e9 luchando para que se objetivo sea una realidad m\u00e1s pronto que tarde\u201d.<\/p>\n\n\n\n<p>En total, nueve agentes han sido reconocidos por la labor desempe\u00f1ada durante el \u00faltimo a\u00f1o. Entre ellos est\u00e1 Adri\u00e1n Valencia, que adem\u00e1s ha recibido la Cruz al M\u00e9rito Policial Roja por su actuaci\u00f3n el pasado 24 de marzo, cuando detuvo a un peligroso fugitivo con condena pendiente en Gran Breta\u00f1a.<\/p>\n\n\n\n<p>Tambi\u00e9n se han reconocido a los agentes Jorge Garrido y Miguel S\u00e1nchez con la Cruz al M\u00e9rito Policial Blanco por 20 a\u00f1os de servicio y a Francisco Jos\u00e9 Urda, Juan Jos\u00e9 Ruiz, Luis Javier Mart\u00edn y Carlos Barranco con el distintivo Azul por 30 a\u00f1os de servicio. Asimismo, se han otorgado cuatro felicitaciones externas a personas que, de una forma u otra, han colaborado con la Polic\u00eda Local de Mijas en los \u00faltimos meses.<\/p>\n\n\n\n<p>El Intendente Jefe de la Polic\u00eda Local de Mijas, Juan Manuel Rosas, ha destacado durante su turno de palabra la profesionalidad de los agentes en la celebraci\u00f3n de numerosos eventos en la localidad, entre ellos, el Festival Cala Mijas \u201csiendo reconocida nuestra labor de organizaci\u00f3n en multitud de medios de comunicaci\u00f3n de nuestro pa\u00eds\u201d y tambi\u00e9n ha tenido palabras para aquellos compa\u00f1eros que ya han fallecido, concluyendo que \u201cvale la pena comprometer nuestros mejores esfuerzos para seguir trabajando por esta maravilla llamada Mijas, porque solo la uni\u00f3n y el trabajo en equipo nos ayudar\u00e1 a seguir creciendo\u201d.<\/p>\n\n\n\n<p>Por \u00faltimo, se ha proyecto el v\u00eddeo \u2018Polic\u00eda Local de Mijas, una vocaci\u00f3n que trasciende generaciones\u2019, en el que se ha puesto el foco en varias parejas de polic\u00eda local, padres e hijos e hijas, que comparten su pasi\u00f3n por la seguridad ciudadana y el servicio p\u00fablico y se ha homenajeado a aquellos polic\u00edas locales que se han jubilado en el \u00faltimo a\u00f1o.<\/p>\n","protected":false},"excerpt":{"rendered":"<p>Mijas, 05 de octubre de 2023.- El Teatro de Mijas se ha vestido de largo un a\u00f1o m\u00e1s para acoger la celebraci\u00f3n del Patr\u00f3n de la Polic\u00eda Local, durante la cual se han hecho entrega de las condecoraciones y felicitaciones a agentes de este cuerpo de seguridad local. El acto ha estado presidido por el [&hellip;]<\/p>\n","protected":false},"author":9,"featured_media":52151,"comment_status":"closed","ping_status":"open","sticky":false,"template":"","format":"standard","meta":[],"categories":[1,19,259],"tags":[],"jetpack_featured_media_url":"https:\/\/www.mijas.es\/wp-content\/uploads\/2023\/10\/20231006-ACTO-PATRON-POLICIA-LOCAL-DE-MIJAS.-JOSELE-GONZALEZ-scaled.jpg","_links":{"self":[{"href":"https:\/\/www.mijas.es\/portal\/wp-json\/wp\/v2\/posts\/52153"}],"collection":[{"href":"https:\/\/www.mijas.es\/portal\/wp-json\/wp\/v2\/posts"}],"about":[{"href":"https:\/\/www.mijas.es\/portal\/wp-json\/wp\/v2\/types\/post"}],"author":[{"embeddable":true,"href":"https:\/\/www.mijas.es\/portal\/wp-json\/wp\/v2\/users\/9"}],"replies":[{"embeddable":true,"href":"https:\/\/www.mijas.es\/portal\/wp-json\/wp\/v2\/comments?post=52153"}],"version-history":[{"count":1,"href":"https:\/\/www.mijas.es\/portal\/wp-json\/wp\/v2\/posts\/52153\/revisions"}],"predecessor-version":[{"id":52154,"href":"https:\/\/www.mijas.es\/portal\/wp-json\/wp\/v2\/posts\/52153\/revisions\/52154"}],"wp:featuredmedia":[{"embeddable":true,"href":"https:\/\/www.mijas.es\/portal\/wp-json\/wp\/v2\/media\/52151"}],"wp:attachment":[{"href":"https:\/\/www.mijas.es\/portal\/wp-json\/wp\/v2\/media?parent=52153"}],"wp:term":[{"taxonomy":"category","embeddable":true,"href":"https:\/\/www.mijas.es\/portal\/wp-json\/wp\/v2\/categories?post=52153"},{"taxonomy":"post_tag","embeddable":true,"href":"https:\/\/www.mijas.es\/portal\/wp-json\/wp\/v2\/tags?post=52153"}],"curies":[{"name":"wp","href":"https:\/\/api.w.org\/{rel}","templated":true}]}}