{"id":49435,"date":"2023-02-21T11:32:50","date_gmt":"2023-02-21T10:32:50","guid":{"rendered":"https:\/\/www.mijas.es\/portal\/?p=49435"},"modified":"2023-02-21T11:32:53","modified_gmt":"2023-02-21T10:32:53","slug":"mijas-remodelara-la-carretera-que-une-la-cala-con-entrerrios","status":"publish","type":"post","link":"https:\/\/www.mijas.es\/portal\/mijas-remodelara-la-carretera-que-une-la-cala-con-entrerrios\/","title":{"rendered":"Mijas remodelar\u00e1 la carretera que une La Cala con Entrerr\u00edos"},"content":{"rendered":"\n<ul><li>El primer teniente alcalde y edil de Infraestructuras y Obras, Jos\u00e9 Carlos Mart\u00edn, ha anunciado esta ma\u00f1ana que el departamento ya cuenta con el proyecto redactado de esta actuaci\u00f3n que tendr\u00e1 una inversi\u00f3n de 3,7 millones de euros y mejorar\u00e1 la seguridad vial y los servicios de la zona<\/li><\/ul>\n\n\n\n<p><strong>Mijas, 20 de febrero de 2023.-<\/strong> El primer teniente alcalde y edil de Infraestructuras y Obras, Jos\u00e9 Carlos Mart\u00edn, ha anunciado esta ma\u00f1ana que el departamento que coordina ya cuenta con el proyecto redactado de remodelaci\u00f3n de la carretera que transcurre desde el desv\u00edo de La Cala hasta Entrerr\u00edos. La inversi\u00f3n estimada para su salida a licitaci\u00f3n se sit\u00faa en 3,7 millones de euros y cuenta con un tiempo de ejecuci\u00f3n de 12 meses. \u201cHablamos de una iniciativa muy demandada por los vecinos pues el trazado de la carretera es estrecho y cuando llueve hay muchos problemas en los radios de giro as\u00ed como con los espacios pues, especialmente, los veh\u00edculos m\u00e1s grandes tienen problemas si coinciden uno en cada sentido\u201d, relata el concejal quien ha explicado que \u201cel departamento va a ampliar los carriles, a instalar un arc\u00e9n, mejorar las infraestructuras y drenajes e implantar alumbrado p\u00fablico adem\u00e1s de ejecutar una rotonda y un tramo de enlace en el nudo del puente de Entrerr\u00edos que conecta con el albergue\u201d.<\/p>\n\n\n\n<p>As\u00ed pues, los trabajos se desarrollar\u00e1n en una longitud de 2,5 kil\u00f3metros y ya se encuentran listos para su consignaci\u00f3n presupuestaria. \u201cLa amplitud que va a tener la nueva carretera va a permitir que los usuarios est\u00e9n m\u00e1s seguros, no solo por la anchura de tres metros por carril, sino por las farolas que van a iluminar la zona pues actualmente no existen y es deficiente la visibilidad\u201d, asevera Mart\u00edn quien a\u00f1ade que \u201cel arc\u00e9n de dos metros en cada sentido tambi\u00e9n brinda seguridad vial\u201d.<\/p>\n\n\n\n<p>Para hacer a\u00fan m\u00e1s segura la carretera, el proyecto contempla una nueva rotonda y un tramo de enlace entre la misma y la v\u00eda antigua que se ubicar\u00e1 en el nudo del puente de Entrerr\u00edos que conecta con el albergue. \u201cEste elemento regulador del tr\u00e1fico suma en seguridad vial y, de esta manera, ser\u00e1 tambi\u00e9n mucho m\u00e1s sencillo el acceso a esta carretera\u201d, concluye Mart\u00edn.<\/p>\n","protected":false},"excerpt":{"rendered":"<p>El primer teniente alcalde y edil de Infraestructuras y Obras, Jos\u00e9 Carlos Mart\u00edn, ha anunciado esta ma\u00f1ana que el departamento ya cuenta con el proyecto redactado de esta actuaci\u00f3n que tendr\u00e1 una inversi\u00f3n de 3,7 millones de euros y mejorar\u00e1 la seguridad vial y los servicios de la zona Mijas, 20 de febrero de 2023.- [&hellip;]<\/p>\n","protected":false},"author":9,"featured_media":49433,"comment_status":"closed","ping_status":"open","sticky":false,"template":"","format":"standard","meta":[],"categories":[19],"tags":[],"jetpack_featured_media_url":"https:\/\/www.mijas.es\/wp-content\/uploads\/2023\/02\/20230220-JOSE-CARLOS-MARTIN.-INFRAESTRUCTURAS.jpeg","_links":{"self":[{"href":"https:\/\/www.mijas.es\/portal\/wp-json\/wp\/v2\/posts\/49435"}],"collection":[{"href":"https:\/\/www.mijas.es\/portal\/wp-json\/wp\/v2\/posts"}],"about":[{"href":"https:\/\/www.mijas.es\/portal\/wp-json\/wp\/v2\/types\/post"}],"author":[{"embeddable":true,"href":"https:\/\/www.mijas.es\/portal\/wp-json\/wp\/v2\/users\/9"}],"replies":[{"embeddable":true,"href":"https:\/\/www.mijas.es\/portal\/wp-json\/wp\/v2\/comments?post=49435"}],"version-history":[{"count":1,"href":"https:\/\/www.mijas.es\/portal\/wp-json\/wp\/v2\/posts\/49435\/revisions"}],"predecessor-version":[{"id":49436,"href":"https:\/\/www.mijas.es\/portal\/wp-json\/wp\/v2\/posts\/49435\/revisions\/49436"}],"wp:featuredmedia":[{"embeddable":true,"href":"https:\/\/www.mijas.es\/portal\/wp-json\/wp\/v2\/media\/49433"}],"wp:attachment":[{"href":"https:\/\/www.mijas.es\/portal\/wp-json\/wp\/v2\/media?parent=49435"}],"wp:term":[{"taxonomy":"category","embeddable":true,"href":"https:\/\/www.mijas.es\/portal\/wp-json\/wp\/v2\/categories?post=49435"},{"taxonomy":"post_tag","embeddable":true,"href":"https:\/\/www.mijas.es\/portal\/wp-json\/wp\/v2\/tags?post=49435"}],"curies":[{"name":"wp","href":"https:\/\/api.w.org\/{rel}","templated":true}]}}