{"id":49194,"date":"2023-01-31T12:28:58","date_gmt":"2023-01-31T11:28:58","guid":{"rendered":"https:\/\/www.mijas.es\/portal\/?p=49194"},"modified":"2023-01-31T12:29:01","modified_gmt":"2023-01-31T11:29:01","slug":"mijas-finaliza-su-i-plan-de-seguridad-y-proteccion-de-viales-secundarios","status":"publish","type":"post","link":"https:\/\/www.mijas.es\/portal\/mijas-finaliza-su-i-plan-de-seguridad-y-proteccion-de-viales-secundarios\/","title":{"rendered":"Mijas finaliza su \u2018I Plan de Seguridad y Protecci\u00f3n de Viales Secundarios\u2019"},"content":{"rendered":"\n<ul><li>El primer teniente alcalde y edil de Servicios Operativos, Jos\u00e9 Carlos Mart\u00edn, ha anunciado que ya se han ejecutado los 600 metros lineales de quitamiedos de esta primera edici\u00f3n<\/li><li>Este proyecto tiene el objetivo de eliminar los puntos negros del t\u00e9rmino municipal y tendr\u00e1 continuidad a lo largo de los diferentes ejercicios presupuestarios<\/li><\/ul>\n\n\n\n<p><strong>Mijas, 30 de enero de 2023.-<\/strong> El primer teniente alcalde de Mijas y concejal de Servicios Operativos, Jos\u00e9 Carlos Mart\u00edn, ha anunciado esta ma\u00f1ana que ya han terminado los trabajos del \u2018I Plan de Seguridad y Protecci\u00f3n de Viales Secundarios\u2019 del municipio donde, en esta primera edici\u00f3n, ya se han instalado un total de 600 metros lineales de quitamiedos. \u201cCon esta nueva herramienta que hemos puesto en marcha queremos mejorar de manera paulatina la seguridad vial de las carreteras secundarias del t\u00e9rmino municipal. En nuestra localidad existen, especialmente en las zonas m\u00e1s rurales, curvas muy cerradas por lo que supone un peligro para los usuarios de estos viales y, por ello, desde el Ayuntamiento apostamos por mejorar este aspecto que tendr\u00e1 continuidad en el tiempo\u201d, asegura Mart\u00edn quien ha enumerado las \u00e1reas de actuaci\u00f3n que han sido: Valtocado, Campo Mijas, Entrerr\u00edos y La Cala.<\/p>\n\n\n\n<p>El edil ha informado que \u201cla inversi\u00f3n destinada para este plan ha ascendido a 60.000 euros\u201d, cantidad aproximada que se prev\u00e9 mantener en el tiempo para tal fin en los diferentes ejercicios econ\u00f3micos. \u201cEste plan se suma a otros que ya tenemos en marcha en los Servicios Operativos como son el \u2018Plan de Asfaltado Municipal\u2019 o el &#8216;Plan de Mejora y Bacheo del Asfalto&#8217; que tambi\u00e9n suman en la seguridad vial. Nuestro principal objetivo es mejorar el d\u00eda a d\u00eda de nuestros vecinos y garantizar su seguridad\u201d, a\u00f1ade el primer teniente alcalde.<\/p>\n\n\n\n<p>De esta manera, y seg\u00fan ha informado el concejal, no solo se han instalado quitamiedos nuevos sino tambi\u00e9n se han reemplazado los que est\u00e1n muy deteriorados. \u201cLos t\u00e9cnicos municipales van a ir estudiando estas v\u00edas secundarias con un doble objetivo. Por una parte, detectar curvas, tramos o pendientes empinadas donde sea necesario instalar nuevos quitamiedos y, por otro, anotando cu\u00e1les est\u00e1n m\u00e1s da\u00f1ados para sustituirlos\u201d, concluye.<\/p>\n","protected":false},"excerpt":{"rendered":"<p>El primer teniente alcalde y edil de Servicios Operativos, Jos\u00e9 Carlos Mart\u00edn, ha anunciado que ya se han ejecutado los 600 metros lineales de quitamiedos de esta primera edici\u00f3n Este proyecto tiene el objetivo de eliminar los puntos negros del t\u00e9rmino municipal y tendr\u00e1 continuidad a lo largo de los diferentes ejercicios presupuestarios Mijas, 30 [&hellip;]<\/p>\n","protected":false},"author":9,"featured_media":49190,"comment_status":"closed","ping_status":"open","sticky":false,"template":"","format":"standard","meta":[],"categories":[1,19],"tags":[],"jetpack_featured_media_url":"https:\/\/www.mijas.es\/wp-content\/uploads\/2023\/01\/20230130-PLAN-DE-SEGURIDAD-EN-VIALES-SECUNDARIOS.-JOSE-CARLOS-MARTIN.jpeg","_links":{"self":[{"href":"https:\/\/www.mijas.es\/portal\/wp-json\/wp\/v2\/posts\/49194"}],"collection":[{"href":"https:\/\/www.mijas.es\/portal\/wp-json\/wp\/v2\/posts"}],"about":[{"href":"https:\/\/www.mijas.es\/portal\/wp-json\/wp\/v2\/types\/post"}],"author":[{"embeddable":true,"href":"https:\/\/www.mijas.es\/portal\/wp-json\/wp\/v2\/users\/9"}],"replies":[{"embeddable":true,"href":"https:\/\/www.mijas.es\/portal\/wp-json\/wp\/v2\/comments?post=49194"}],"version-history":[{"count":1,"href":"https:\/\/www.mijas.es\/portal\/wp-json\/wp\/v2\/posts\/49194\/revisions"}],"predecessor-version":[{"id":49195,"href":"https:\/\/www.mijas.es\/portal\/wp-json\/wp\/v2\/posts\/49194\/revisions\/49195"}],"wp:featuredmedia":[{"embeddable":true,"href":"https:\/\/www.mijas.es\/portal\/wp-json\/wp\/v2\/media\/49190"}],"wp:attachment":[{"href":"https:\/\/www.mijas.es\/portal\/wp-json\/wp\/v2\/media?parent=49194"}],"wp:term":[{"taxonomy":"category","embeddable":true,"href":"https:\/\/www.mijas.es\/portal\/wp-json\/wp\/v2\/categories?post=49194"},{"taxonomy":"post_tag","embeddable":true,"href":"https:\/\/www.mijas.es\/portal\/wp-json\/wp\/v2\/tags?post=49194"}],"curies":[{"name":"wp","href":"https:\/\/api.w.org\/{rel}","templated":true}]}}