{"id":49004,"date":"2023-01-09T10:53:39","date_gmt":"2023-01-09T09:53:39","guid":{"rendered":"https:\/\/www.mijas.es\/portal\/?p=49004"},"modified":"2023-01-09T10:53:42","modified_gmt":"2023-01-09T09:53:42","slug":"los-reyes-magos-repartiran-mas-de-560-000-caramelos-blandos-y-sin-gluten-en-mijas","status":"publish","type":"post","link":"https:\/\/www.mijas.es\/portal\/los-reyes-magos-repartiran-mas-de-560-000-caramelos-blandos-y-sin-gluten-en-mijas\/","title":{"rendered":"Los Reyes Magos repartir\u00e1n m\u00e1s de 560.000 caramelos blandos y sin gluten en Mijas"},"content":{"rendered":"\n<ul><li>M\u00e1s de 200 ni\u00f1os y ni\u00f1as participar\u00e1n del amplio cortejo formado por 17 carrozas, pasacalles y animaci\u00f3n musical, que acompa\u00f1ar\u00e1 a sus SS MM los Reyes Magos de Oriente en su recorrido por las calles de la localidad en Las Lagunas, La Cala y Mijas Pueblo.<\/li><li>El Polideportivo de Las Lagunas ser\u00e1 el escenario elegido para la llegada, en un helic\u00f3ptero de la Guardia Civil de Melchor, Gaspar y Baltasar a las 16 horas.<\/li><\/ul>\n\n\n\n<p><strong>Mijas, 04 de febrero de 2023.-<\/strong> Mijas ya se encuentra ultimando los detalles para la llegada de SSMM los Reyes Magos de Oriente que este jueves aterrizar\u00e1n a las 16 horas en el Polideportivo de Las Lagunas a bordo de un helic\u00f3ptero de la Guardia Civil. As\u00ed lo han recordado este mediod\u00eda el alcalde de Mijas, Josele Gonz\u00e1lez, y la concejala de Fiestas, Tamara Vera, quienes han invitado a los mije\u00f1os y las mije\u00f1as a acompa\u00f1ar a Melchor, Gaspar y Baltasar en sus recorridos por La Cala, Las Lagunas y Mijas Pueblo en los sendos cortejos en los que participar\u00e1n m\u00e1s de 200 de ni\u00f1os y ni\u00f1as de la localidad.<\/p>\n\n\n\n<p>\u201cEste es sin duda uno de los d\u00edas favoritos del a\u00f1o para nuestros ni\u00f1os y ni\u00f1as. Un d\u00eda en el que la ilusi\u00f3n inundar\u00e1 las calles de nuestra localidad y en el que nuestros ni\u00f1os y ni\u00f1as tendr\u00e1n la oportunidad de saludar en persona a Melchor, Gaspar y Baltasar quienes repartir\u00e1n caramelos blandos y sin gluten, adem\u00e1s de pelotas, peluches y otras sorpresas a lo largo del recorrido\u201d, se\u00f1ala el alcalde, qui\u00e9n recalca que este a\u00f1o \u201cser\u00e1 a\u00fan m\u00e1s especial dado que volvemos a recuperar el tradicional formato de las cabalgatas, con cortejos que recorrer\u00e1n las distintas calles de nuestro municipio y que se iniciar\u00e1n con la llegada en helic\u00f3ptero de SSMM los Reyes Magos de Oriente\u201d.<\/p>\n\n\n\n<p>Tras este acto, Melchor, Gaspar y Baltasar arrancar\u00e1n su visita por los tres n\u00facleos de la localidad. \u201cEl primer cortejo ser\u00e1 el de Mijas Pueblo, que se pondr\u00e1 en marcha a las 16:30 horas desde el Ayuntamiento. El siguiente ser\u00e1 el de La Cala, a partir de las 17 horas desde el Centro Cultural, y el de Las Lagunas arrancar\u00e1 a las 17:30 horas desde la Avenida Miguel Hern\u00e1ndez, junto al Parque Mar\u00eda Zambrano\u201d.<\/p>\n\n\n\n<p>En total, ser\u00e1n 17 las carrozas que formar\u00e1n parte del cortejo de sus Majestades los Reyes Magos en Mijas con recorridos que finalizar\u00e1n la plaza Virgen de la Pe\u00f1a en Mijas Pueblo, el parque de la Butibamba en La Cala, y el Recinto de la Navidad de Las Lagunas, para degustar con todos los presentes chocolate caliente y rosc\u00f3n de reyes. Este ser\u00e1 el momento en el que los asistentes podr\u00e1n disfrutar de rosc\u00f3n de reyes y chocolate caliente cortes\u00eda del Ayuntamiento de Mijas, as\u00ed como de la entrega de un juguete por ni\u00f1o o ni\u00f1a a manos de SSMM. \u201cHemos trabajado mucho estos d\u00edas como ayudantes de los reyes magos para que los m\u00e1s peque\u00f1os puedan disfrutar como se merecen de este d\u00eda y que, una vez finalizado, puedan irse pronto a casa para que Melchor, Gaspar y Baltasar entren en sus hogares para dejarles sus regalos. Tras dos a\u00f1os de cabalgatas est\u00e1ticas volveremos a recorres las calles de la localidad por lo que ser\u00e1n muchas las sorpresas que se incluir\u00e1n durante el recorrido en el que no faltar\u00e1n los caramelos blandos y sin gluten, gusanitos, peluches, o incluso caramelos sin az\u00facar para aquellos padres y madres que as\u00ed lo necesiten y que podr\u00e1n solicitar a los responsables de las carrozas\u201d, concluye Vera, qui\u00e9n ha explicado c\u00f3mo \u201cqueremos agradecer a todas las personas implicadas su colaboraci\u00f3n, tanto a efectivos de Polic\u00eda Local, Bomberos, Protecci\u00f3n Civil, Voluntarios y a la Guardia Civil por su colaboraci\u00f3n para hacer posible la llegada de SSMM en helic\u00f3ptero a la localidad\u201d.<\/p>\n\n\n\n<p>Desde el Ayuntamiento de Mijas invitan as\u00ed a disfrutar de este d\u00eda tan especial junto a familiares y amigos y a utilizar el hashtag #reyesmijas2023 y etiquetar al Ayuntamiento de Mijas en las distintas sociales como Instagram, desde donde podr\u00e1n seguir las novedades que vayan aconteci\u00e9ndose esta tarde tan especial.<\/p>\n\n\n\n<p><strong>ITINERARIOS Y RECORRIDOS GRAN CABALGATA DE REYES MIJAS 2023<\/strong><\/p>\n\n\n\n<p><strong>MIJAS PUEBLO<\/strong><\/p>\n\n\n\n<p><strong>Horario de salida: 16:30h<\/strong><\/p>\n\n\n\n<ul><li>Avda Virgen de la Pe\u00f1a,<\/li><li>Avda de M\u00e9jico,<\/li><li>C\/ M\u00e1laga<\/li><li>C\/ carril<\/li><li>C\/ Co\u00edn<\/li><li>C\/ Barrio Santana<\/li><li>Plaza Siete Ca\u00f1os (giro en Circunvalaci\u00f3n)<\/li><li>C\/ Barrio Santana<\/li><li>C\/ Co\u00edn,<\/li><li>C\/Carril<\/li><li>Plaza de la Constituci\u00f3n<\/li><li>Avda del Comp\u00e1s,<\/li><li>Plaza Virgen de la Pe\u00f1a.<\/li><\/ul>\n\n\n\n<p><strong>LA CALA DE MIJAS<\/strong><\/p>\n\n\n\n<p><strong>Horario de salida: 17:00h<\/strong><\/p>\n\n\n\n<ul><li>(Salida)Bulevar frente al Centro Cultural (direcci\u00f3n M\u00e1laga)<\/li><li>C\/ Torremolinos<\/li><li>C\/ Torre\u00f3n<\/li><li>C\/ Marbella,<\/li><li>C\/ C\u00e1rtama,<\/li><li>Parque La Butibamba (llegada).<\/li><\/ul>\n\n\n\n<p><strong>LAS LAGUNAS<\/strong><\/p>\n\n\n\n<p><strong>Horario de salida: 17:30h<\/strong><\/p>\n\n\n\n<ul><li>(Salida) Avda. Miguel Hern\u00e1ndez (altura panader\u00eda Las Torres)<\/li><li>C\/ Antonio Machado<\/li><li>Avda Las Margaritas<\/li><li>Camino Viejo de Co\u00edn<\/li><li>C\/ San Cristobal<\/li><li>C\/ San Javier<\/li><li>C\/ La Uni\u00f3n<\/li><li>Avda. de Mijas (hasta rotonda del Mercadona)<\/li><li>Camino del Albero<\/li><li>C\/ Jacaranda<\/li><li>Rotonda de la Guardia Civil<\/li><li>Avda. M\u00aa Zambrano (altura de C\/ Vicente Aleixandre, junto Cortijo Don El\u00edas) (llegada).<\/li><\/ul>\n","protected":false},"excerpt":{"rendered":"<p>M\u00e1s de 200 ni\u00f1os y ni\u00f1as participar\u00e1n del amplio cortejo formado por 17 carrozas, pasacalles y animaci\u00f3n musical, que acompa\u00f1ar\u00e1 a sus SS MM los Reyes Magos de Oriente en su recorrido por las calles de la localidad en Las Lagunas, La Cala y Mijas Pueblo. El Polideportivo de Las Lagunas ser\u00e1 el escenario elegido [&hellip;]<\/p>\n","protected":false},"author":9,"featured_media":0,"comment_status":"closed","ping_status":"open","sticky":false,"template":"","format":"standard","meta":[],"categories":[1,19],"tags":[],"jetpack_featured_media_url":"","_links":{"self":[{"href":"https:\/\/www.mijas.es\/portal\/wp-json\/wp\/v2\/posts\/49004"}],"collection":[{"href":"https:\/\/www.mijas.es\/portal\/wp-json\/wp\/v2\/posts"}],"about":[{"href":"https:\/\/www.mijas.es\/portal\/wp-json\/wp\/v2\/types\/post"}],"author":[{"embeddable":true,"href":"https:\/\/www.mijas.es\/portal\/wp-json\/wp\/v2\/users\/9"}],"replies":[{"embeddable":true,"href":"https:\/\/www.mijas.es\/portal\/wp-json\/wp\/v2\/comments?post=49004"}],"version-history":[{"count":1,"href":"https:\/\/www.mijas.es\/portal\/wp-json\/wp\/v2\/posts\/49004\/revisions"}],"predecessor-version":[{"id":49005,"href":"https:\/\/www.mijas.es\/portal\/wp-json\/wp\/v2\/posts\/49004\/revisions\/49005"}],"wp:attachment":[{"href":"https:\/\/www.mijas.es\/portal\/wp-json\/wp\/v2\/media?parent=49004"}],"wp:term":[{"taxonomy":"category","embeddable":true,"href":"https:\/\/www.mijas.es\/portal\/wp-json\/wp\/v2\/categories?post=49004"},{"taxonomy":"post_tag","embeddable":true,"href":"https:\/\/www.mijas.es\/portal\/wp-json\/wp\/v2\/tags?post=49004"}],"curies":[{"name":"wp","href":"https:\/\/api.w.org\/{rel}","templated":true}]}}