{"id":46647,"date":"2022-06-22T10:35:00","date_gmt":"2022-06-22T09:35:00","guid":{"rendered":"https:\/\/www.mijas.es\/portal\/?p=46647"},"modified":"2022-06-22T10:36:33","modified_gmt":"2022-06-22T09:36:33","slug":"mijas-abre-inscripciones-del-21-al-24-de-junio-para-la-cena-de-mayores-de-la-feria-de-las-lagunas-2022","status":"publish","type":"post","link":"https:\/\/www.mijas.es\/portal\/mijas-abre-inscripciones-del-21-al-24-de-junio-para-la-cena-de-mayores-de-la-feria-de-las-lagunas-2022\/","title":{"rendered":"Mijas abre inscripciones del 21 al 24 de junio para la cena de mayores de la Feria de Las Lagunas 2022"},"content":{"rendered":"\n<ul><li>Las personas interesadas deber\u00e1n acudir al Hogar del Jubilado de Las Lagunas, en horario de 09:00 a 13:00 horas, con su carn\u00e9 de jubilado<\/li><\/ul>\n\n\n\n<p><strong>Mijas, 20 de junio de 2022.- <\/strong>La concejala de Tercera Edad, Tamara Vera, ha anunciado esta ma\u00f1ana la apertura de inscripciones para la cena de mayores de la Feria de Las Lagunas 2022, que tendr\u00e1 lugar en este n\u00facleo lagunero del 29 de junio al 3 de julio.<\/p>\n\n\n\n<p>\u201cEn los pr\u00f3ximos d\u00edas celebraremos la primera feria que habr\u00e1 en nuestro municipio tras la pandemia y una de las preguntas m\u00e1s recurrentes por parte de nuestros mayores es si habr\u00e1 cena de mayores. Pues bien, la respuesta es afirmativa, habr\u00e1 cena de mayores y las inscripciones dar\u00e1n comienzo este mismo martes 21 de junio\u201d, afirma la edil, quien ha concretado que las personas interesadas tienen \u201cdel 21 al 24 de junio para inscribirse en el Hogar del Jubilado de Las Lagunas, en horario de 09:00 a 13:30 horas\u201d.<\/p>\n\n\n\n<p>Tal y como ha recordado Vera, deber\u00e1n ser personas empadronas en nuestro municipio y poseedores del carn\u00e9 de jubilado. \u201cEn total habr\u00e1 unas 1.200 plazas, es por ello que desde aqu\u00ed hago un llamamiento a la tranquilidad de nuestros mayores. No es necesario que acudan todos el primer d\u00eda, tienen hasta el viernes para pasarse por nuestras instalaciones y llevarse su invitaci\u00f3n\u201d, a\u00f1ade.<\/p>\n\n\n\n<p>La cena homenaje a los mayores tendr\u00e1 lugar el pr\u00f3ximo d\u00eda 30 de junio en el colegio Mar\u00eda Zambrano y durante su desarrollo se proceder\u00e1 a obsequiar al Abuelo y Abuela de la Feria de Las Lagunas 2022. \u201cAdem\u00e1s contaremos con m\u00fasica en directo para amenizar la noche y la participaci\u00f3n de los alumnos y alumnas del taller de baile de mayores de la Universidad Popular, que pondr\u00e1n la guinda a una noche muy especial para todos\u201d, concluye.<\/p>\n","protected":false},"excerpt":{"rendered":"<p>Las personas interesadas deber\u00e1n acudir al Hogar del Jubilado de Las Lagunas, en horario de 09:00 a 13:00 horas, con su carn\u00e9 de jubilado Mijas, 20 de junio de 2022.- La concejala de Tercera Edad, Tamara Vera, ha anunciado esta ma\u00f1ana la apertura de inscripciones para la cena de mayores de la Feria de Las [&hellip;]<\/p>\n","protected":false},"author":9,"featured_media":0,"comment_status":"closed","ping_status":"open","sticky":false,"template":"","format":"standard","meta":[],"categories":[1,19],"tags":[],"jetpack_featured_media_url":"","_links":{"self":[{"href":"https:\/\/www.mijas.es\/portal\/wp-json\/wp\/v2\/posts\/46647"}],"collection":[{"href":"https:\/\/www.mijas.es\/portal\/wp-json\/wp\/v2\/posts"}],"about":[{"href":"https:\/\/www.mijas.es\/portal\/wp-json\/wp\/v2\/types\/post"}],"author":[{"embeddable":true,"href":"https:\/\/www.mijas.es\/portal\/wp-json\/wp\/v2\/users\/9"}],"replies":[{"embeddable":true,"href":"https:\/\/www.mijas.es\/portal\/wp-json\/wp\/v2\/comments?post=46647"}],"version-history":[{"count":1,"href":"https:\/\/www.mijas.es\/portal\/wp-json\/wp\/v2\/posts\/46647\/revisions"}],"predecessor-version":[{"id":46648,"href":"https:\/\/www.mijas.es\/portal\/wp-json\/wp\/v2\/posts\/46647\/revisions\/46648"}],"wp:attachment":[{"href":"https:\/\/www.mijas.es\/portal\/wp-json\/wp\/v2\/media?parent=46647"}],"wp:term":[{"taxonomy":"category","embeddable":true,"href":"https:\/\/www.mijas.es\/portal\/wp-json\/wp\/v2\/categories?post=46647"},{"taxonomy":"post_tag","embeddable":true,"href":"https:\/\/www.mijas.es\/portal\/wp-json\/wp\/v2\/tags?post=46647"}],"curies":[{"name":"wp","href":"https:\/\/api.w.org\/{rel}","templated":true}]}}