{"id":46330,"date":"2022-05-26T10:22:41","date_gmt":"2022-05-26T09:22:41","guid":{"rendered":"https:\/\/www.mijas.es\/portal\/?p=46330"},"modified":"2022-05-26T10:22:43","modified_gmt":"2022-05-26T09:22:43","slug":"la-romeria-de-las-lagunas-contara-con-la-pena-caballista-de-mijas-en-su-recorrido-hasta-el-parque-el-esparragal","status":"publish","type":"post","link":"https:\/\/www.mijas.es\/portal\/la-romeria-de-las-lagunas-contara-con-la-pena-caballista-de-mijas-en-su-recorrido-hasta-el-parque-el-esparragal\/","title":{"rendered":"La romer\u00eda de Las Lagunas contar\u00e1 con la Pe\u00f1a Caballista de Mijas en su recorrido hasta el parque El Esparragal"},"content":{"rendered":"\n<ul><li>Se ha habilitado dentro del recinto un espacio para los caballistas, quienes tambi\u00e9n podr\u00e1n participar en un concurso de jinetes<\/li><\/ul>\n\n\n\n<p><strong>Mijas, 25 de mayo de 2022.-<\/strong> Este domingo se celebra la romer\u00eda de Las Lagunas en honor a la Virgen de la Paz. Una jornada de convivencia que tras dos a\u00f1os de ausencia en el calendario mije\u00f1o volver\u00e1 con m\u00e1s fuerza que nunca con actividades populares, m\u00fasica en directo, el tradicional concurso de carretas y tambi\u00e9n con la presencia de los caballistas de la Pe\u00f1a Caballista de Mijas, seg\u00fan ha informado esta ma\u00f1ana la concejala de Fiestas, Tamara Vera.<\/p>\n\n\n\n<p>\u201cNuestros caballistas tendr\u00e1n un papel protagonista, estando presentes en el recorrido, y acompa\u00f1\u00e1ndonos en ese camino hasta el parque El Esparragal, espacio en el que se les habilitar\u00e1 una zona para disfrutar de ese d\u00eda\u201d, afirma Vera, quien ha querido hacer un llamamiento \u201ca todos amantes del caballo para que nos acompa\u00f1en en nuestra salida y en todas las actividades que est\u00e1n organizadas por parte del ayuntamiento, y las que ha organizado la misma Pe\u00f1a Caballista de Mijas, a los que se ha invitado a participar activamente en la romer\u00eda de Las Lagunas\u201d.<\/p>\n\n\n\n<p>Seg\u00fan han informado, hay programadas diversas actividades para aquellas personas que asistan a caballo, entre ellas un concurso de jinetes con cuatro diferentes categor\u00edas: mejor jinete veterano, mejor jinete infantil, mejor amazona, mejor pareja a la grupa. Los ganadores de las categor\u00edas podr\u00e1n hacerse con un premio de 100 euros.<\/p>\n\n\n\n<p>Juan L\u00f3pez, presidente de la Pe\u00f1a Caballista de Mijas, ha a\u00f1adido que \u201clos caballistas que quieran participar en el concurso tendr\u00e1n que presentarse en la iglesia, ya que a partir de ah\u00ed ser\u00e1 donde el jurado empiece a contar con qui\u00e9n se lleva el premio, no el que aparezca solo en la romer\u00eda, ya que hay que acompa\u00f1ar a la virgen\u201d.<\/p>\n\n\n\n<p>Cabe recordar que este viernes, a las 20 horas, tendr\u00e1 lugar la ofrenda floral a la Virgen de la Paz en la parroquia de San Manuel con motivo podr\u00e1n asistir todos los vecinos y vecinas del municipio.<\/p>\n","protected":false},"excerpt":{"rendered":"<p>Se ha habilitado dentro del recinto un espacio para los caballistas, quienes tambi\u00e9n podr\u00e1n participar en un concurso de jinetes Mijas, 25 de mayo de 2022.- Este domingo se celebra la romer\u00eda de Las Lagunas en honor a la Virgen de la Paz. Una jornada de convivencia que tras dos a\u00f1os de ausencia en el [&hellip;]<\/p>\n","protected":false},"author":9,"featured_media":46323,"comment_status":"closed","ping_status":"open","sticky":false,"template":"","format":"standard","meta":[],"categories":[1,19],"tags":[],"jetpack_featured_media_url":"https:\/\/www.mijas.es\/wp-content\/uploads\/2022\/05\/20220525-CABALLISTAS-ROMERIA-LAS-LAGUNAS.-TAMARA-VERA.jpeg","_links":{"self":[{"href":"https:\/\/www.mijas.es\/portal\/wp-json\/wp\/v2\/posts\/46330"}],"collection":[{"href":"https:\/\/www.mijas.es\/portal\/wp-json\/wp\/v2\/posts"}],"about":[{"href":"https:\/\/www.mijas.es\/portal\/wp-json\/wp\/v2\/types\/post"}],"author":[{"embeddable":true,"href":"https:\/\/www.mijas.es\/portal\/wp-json\/wp\/v2\/users\/9"}],"replies":[{"embeddable":true,"href":"https:\/\/www.mijas.es\/portal\/wp-json\/wp\/v2\/comments?post=46330"}],"version-history":[{"count":1,"href":"https:\/\/www.mijas.es\/portal\/wp-json\/wp\/v2\/posts\/46330\/revisions"}],"predecessor-version":[{"id":46331,"href":"https:\/\/www.mijas.es\/portal\/wp-json\/wp\/v2\/posts\/46330\/revisions\/46331"}],"wp:featuredmedia":[{"embeddable":true,"href":"https:\/\/www.mijas.es\/portal\/wp-json\/wp\/v2\/media\/46323"}],"wp:attachment":[{"href":"https:\/\/www.mijas.es\/portal\/wp-json\/wp\/v2\/media?parent=46330"}],"wp:term":[{"taxonomy":"category","embeddable":true,"href":"https:\/\/www.mijas.es\/portal\/wp-json\/wp\/v2\/categories?post=46330"},{"taxonomy":"post_tag","embeddable":true,"href":"https:\/\/www.mijas.es\/portal\/wp-json\/wp\/v2\/tags?post=46330"}],"curies":[{"name":"wp","href":"https:\/\/api.w.org\/{rel}","templated":true}]}}