{"id":44716,"date":"2021-12-27T17:04:09","date_gmt":"2021-12-27T16:04:09","guid":{"rendered":"https:\/\/www.mijas.es\/portal\/?p=44716"},"modified":"2021-12-27T17:04:11","modified_gmt":"2021-12-27T16:04:11","slug":"tercera-edad-y-cruz-roja-unen-fuerzas-en-un-programa-de-acompanamiento-para-mayores-de-mijas","status":"publish","type":"post","link":"https:\/\/www.mijas.es\/portal\/tercera-edad-y-cruz-roja-unen-fuerzas-en-un-programa-de-acompanamiento-para-mayores-de-mijas\/","title":{"rendered":"Tercera Edad y Cruz Roja unen fuerzas en un programa de acompa\u00f1amiento para mayores de Mijas"},"content":{"rendered":"\n<ul><li>Voluntarios ponen en com\u00fan actividades y acciones grupales que ayuden a paliar la soledad entre jubilados de la localidad<\/li><\/ul>\n\n\n\n<p><strong>Mijas, 14 de diciembre de 2021.-<\/strong> Paliar la soledad de las personas mayores. Con este objetivo el \u00e1rea de Tercera Edad se ha unido a Cruz Roja para poner en marcha un proyecto de acompa\u00f1amiento conjunto que permitir\u00e1 establecer acciones e iniciativas en com\u00fan, tal y como ha explicado esta ma\u00f1ana la concejala de Tercera Edad, Tamara Vera.<\/p>\n\n\n\n<p>\u00abEmprendemos con Cruz Roja un proyecto de acompa\u00f1amiento, sobre todo para aquellos casos a los que no podamos llegar con nuestros voluntarios y tambi\u00e9n para actividades y acciones grupales. Hoy los voluntarios han podido conocerse y hablar sobre c\u00f3mo se va llevar ese acompa\u00f1amiento de cara al pr\u00f3ximo a\u00f1o\u00bb, ha explicado Vera, quien ha recalcado que el objetivo primordial de este proyecto conjunto es \u00abque ninguna persona mayor pueda sentirse triste y sola\u00bb.<\/p>\n\n\n\n<p>En la actualidad, una veintena de voluntarios del departamento de Tercera Edad realiza esta labor con usuarios de los hogares del jubilado del municipio. \u00abEs un grupo s\u00f3lido que siempre tiene much\u00edsimas ganas de ayudar y transmiten vitalidad a todas aquellas personas que lo necesiten. Ni siquiera durante la pandemia pararon de ayudar, a\u00fan cuando no pod\u00edan verse f\u00edsicamente, a trav\u00e9s del tel\u00e9fono, las videollamadas, han seguido estando al lado de estas personas\u00bb, subraya la edil.<\/p>\n\n\n\n<p>La intenci\u00f3n ahora es sumar esfuerzos con los voluntarios de Cruz Roja, que tambi\u00e9n desarrollan acompa\u00f1amiento hospitalario, tal y como ha recordado Chari Valderrama, referente de Tercera Edad dentro de Cruz Roja. \u00abNosotros realizamos servicios de hospital, si necesitan ch\u00f3fer, veh\u00edculo adaptado, alguien con qui\u00e9n acudir a sus citas m\u00e9dicas&#8230; Lo que queremos es informar a los voluntarios de Tercera Edad de todos los recursos que disponemos dentro de Cruz Roja para ayudarnos mutuamente\u00bb.<\/p>\n\n\n\n<p>El Proyecto de Atenci\u00f3n Integral a Personas Mayores que desarrolla Cruz Roja no solo se limita al domicilio, sino que cuando las caracter\u00edsticas y circunstancias lo permiten se fomenta su participaci\u00f3n en la comunidad y la relaci\u00f3n con otras personas, para favorecer la ayuda mutua y el contacto intergeneracional. Aunque lo m\u00e1s importante es compartir el tiempo, como recuerdan desde el \u00e1rea de Tercera Edad, y es que \u00abun simple paseo, compartir un caf\u00e9 o una tarde de risas, aunque pueda parecer algo simple a primera vista, es muy importante para nuestros mayores\u00bb.<\/p>\n","protected":false},"excerpt":{"rendered":"<p>Voluntarios ponen en com\u00fan actividades y acciones grupales que ayuden a paliar la soledad entre jubilados de la localidad Mijas, 14 de diciembre de 2021.- Paliar la soledad de las personas mayores. Con este objetivo el \u00e1rea de Tercera Edad se ha unido a Cruz Roja para poner en marcha un proyecto de acompa\u00f1amiento conjunto [&hellip;]<\/p>\n","protected":false},"author":1,"featured_media":44717,"comment_status":"closed","ping_status":"open","sticky":false,"template":"","format":"standard","meta":[],"categories":[1],"tags":[],"jetpack_featured_media_url":"https:\/\/www.mijas.es\/wp-content\/uploads\/2021\/12\/202112-PROGRAMA-ACOMPANAMIENTO.-TAMARA-VERA.jpeg","_links":{"self":[{"href":"https:\/\/www.mijas.es\/portal\/wp-json\/wp\/v2\/posts\/44716"}],"collection":[{"href":"https:\/\/www.mijas.es\/portal\/wp-json\/wp\/v2\/posts"}],"about":[{"href":"https:\/\/www.mijas.es\/portal\/wp-json\/wp\/v2\/types\/post"}],"author":[{"embeddable":true,"href":"https:\/\/www.mijas.es\/portal\/wp-json\/wp\/v2\/users\/1"}],"replies":[{"embeddable":true,"href":"https:\/\/www.mijas.es\/portal\/wp-json\/wp\/v2\/comments?post=44716"}],"version-history":[{"count":1,"href":"https:\/\/www.mijas.es\/portal\/wp-json\/wp\/v2\/posts\/44716\/revisions"}],"predecessor-version":[{"id":44718,"href":"https:\/\/www.mijas.es\/portal\/wp-json\/wp\/v2\/posts\/44716\/revisions\/44718"}],"wp:featuredmedia":[{"embeddable":true,"href":"https:\/\/www.mijas.es\/portal\/wp-json\/wp\/v2\/media\/44717"}],"wp:attachment":[{"href":"https:\/\/www.mijas.es\/portal\/wp-json\/wp\/v2\/media?parent=44716"}],"wp:term":[{"taxonomy":"category","embeddable":true,"href":"https:\/\/www.mijas.es\/portal\/wp-json\/wp\/v2\/categories?post=44716"},{"taxonomy":"post_tag","embeddable":true,"href":"https:\/\/www.mijas.es\/portal\/wp-json\/wp\/v2\/tags?post=44716"}],"curies":[{"name":"wp","href":"https:\/\/api.w.org\/{rel}","templated":true}]}}