{"id":44713,"date":"2021-12-27T17:03:17","date_gmt":"2021-12-27T16:03:17","guid":{"rendered":"https:\/\/www.mijas.es\/portal\/?p=44713"},"modified":"2021-12-27T17:03:19","modified_gmt":"2021-12-27T16:03:19","slug":"mijas-impulsa-una-campana-sobre-juguetes-no-sexistas-de-cara-a-la-navidad","status":"publish","type":"post","link":"https:\/\/www.mijas.es\/portal\/mijas-impulsa-una-campana-sobre-juguetes-no-sexistas-de-cara-a-la-navidad\/","title":{"rendered":"Mijas impulsa una campa\u00f1a sobre juguetes no sexistas de cara a la Navidad"},"content":{"rendered":"\n<ul><li>Bajo el eslogan \u00ab\u00a1Tenemos el poder de construir un mundo en igualdad!\u00bb, esta iniciativa invita a regalar sin estereotipos de g\u00e9neros<\/li><\/ul>\n\n\n\n<p><strong>Mijas, 14 de diciembre de 2021.-<\/strong> Pap\u00e1 Noel y los Reyes Magos ya est\u00e1n preparados para repartir regalos por toda Mijas y para que no se equivoquen con su elecci\u00f3n, el \u00e1rea de Igualdad y Diversidad de Mijas ha lanzado un a\u00f1o m\u00e1s su campa\u00f1a de juguetes y juegos no sexista, que en esta ocasi\u00f3n llega bajo el eslogan \u00ab\u00a1Tenemos el poder de construir un mundo en igualdad!\u00bb<\/p>\n\n\n\n<p>\u00abUn a\u00f1o m\u00e1s, queremos seguir sensibilizando y concienciando a la poblaci\u00f3n de la importancia que tiene educar en igualdad desde muy temprana edad. Tenemos que comprar regalos y juegues que potencien su creatividad, pero que a su vez permitan que los ni\u00f1os y ni\u00f1as jueguen libres y en cooperaci\u00f3n, juntos y juntas\u00bb, explica la edil responsable del \u00e1rea, Natalia Mart\u00ednez, quien ha puesto el acento en que es \u00abmuy importante que empecemos cuanto antes a inculcarles esos valores para construir un mundo en igualdad\u00bb.<\/p>\n\n\n\n<p>Durante estas fiestas, es f\u00e1cil encontrar en cualquier gran superficie o tienda de juguetes cat\u00e1logos que, seg\u00fan Mart\u00ednez, a\u00fan reflejan el largo camino que queda por recorrer en materia de igualdad. \u00abTodav\u00eda podemos ver en la publicidad, en los cat\u00e1logos, esos juguetes diferenciados entre ni\u00f1os y ni\u00f1as, simplemente con un color pero ese color se les queda en la retina a nuestros ni\u00f1os y ni\u00f1as, estereotipando por g\u00e9neros\u00bb, concluye.<\/p>\n","protected":false},"excerpt":{"rendered":"<p>Bajo el eslogan \u00ab\u00a1Tenemos el poder de construir un mundo en igualdad!\u00bb, esta iniciativa invita a regalar sin estereotipos de g\u00e9neros Mijas, 14 de diciembre de 2021.- Pap\u00e1 Noel y los Reyes Magos ya est\u00e1n preparados para repartir regalos por toda Mijas y para que no se equivoquen con su elecci\u00f3n, el \u00e1rea de Igualdad [&hellip;]<\/p>\n","protected":false},"author":1,"featured_media":44714,"comment_status":"closed","ping_status":"open","sticky":false,"template":"","format":"standard","meta":[],"categories":[1],"tags":[],"jetpack_featured_media_url":"https:\/\/www.mijas.es\/wp-content\/uploads\/2021\/12\/20211214-CAMPANA-JUGUETES-NO-SEXISTAS.-NATALIA-MARTI\u00b4NEZ.jpg","_links":{"self":[{"href":"https:\/\/www.mijas.es\/portal\/wp-json\/wp\/v2\/posts\/44713"}],"collection":[{"href":"https:\/\/www.mijas.es\/portal\/wp-json\/wp\/v2\/posts"}],"about":[{"href":"https:\/\/www.mijas.es\/portal\/wp-json\/wp\/v2\/types\/post"}],"author":[{"embeddable":true,"href":"https:\/\/www.mijas.es\/portal\/wp-json\/wp\/v2\/users\/1"}],"replies":[{"embeddable":true,"href":"https:\/\/www.mijas.es\/portal\/wp-json\/wp\/v2\/comments?post=44713"}],"version-history":[{"count":1,"href":"https:\/\/www.mijas.es\/portal\/wp-json\/wp\/v2\/posts\/44713\/revisions"}],"predecessor-version":[{"id":44715,"href":"https:\/\/www.mijas.es\/portal\/wp-json\/wp\/v2\/posts\/44713\/revisions\/44715"}],"wp:featuredmedia":[{"embeddable":true,"href":"https:\/\/www.mijas.es\/portal\/wp-json\/wp\/v2\/media\/44714"}],"wp:attachment":[{"href":"https:\/\/www.mijas.es\/portal\/wp-json\/wp\/v2\/media?parent=44713"}],"wp:term":[{"taxonomy":"category","embeddable":true,"href":"https:\/\/www.mijas.es\/portal\/wp-json\/wp\/v2\/categories?post=44713"},{"taxonomy":"post_tag","embeddable":true,"href":"https:\/\/www.mijas.es\/portal\/wp-json\/wp\/v2\/tags?post=44713"}],"curies":[{"name":"wp","href":"https:\/\/api.w.org\/{rel}","templated":true}]}}