{"id":44710,"date":"2021-12-27T17:01:25","date_gmt":"2021-12-27T16:01:25","guid":{"rendered":"https:\/\/www.mijas.es\/portal\/?p=44710"},"modified":"2021-12-27T17:02:32","modified_gmt":"2021-12-27T16:02:32","slug":"mijas-apoya-a-los-hoteleros-de-la-ciudad-y-organiza-eventos-e-iniciativas-para-atraer-a-los-visitantes-durante-las-fiestas-navidenas","status":"publish","type":"post","link":"https:\/\/www.mijas.es\/portal\/mijas-apoya-a-los-hoteleros-de-la-ciudad-y-organiza-eventos-e-iniciativas-para-atraer-a-los-visitantes-durante-las-fiestas-navidenas\/","title":{"rendered":"Mijas apoya a los hoteleros de la ciudad y organiza eventos e iniciativas para atraer a los visitantes durante las fiestas navide\u00f1as"},"content":{"rendered":"\n<ul><li>El primer teniente alcalde y edil de Turismo, Jos\u00e9 Carlos Mart\u00edn, ha recibido esta ma\u00f1ana al nuevo vicepresidente territorial de la ciudad de Aehcos, Juan Miguel Marcos, para trazar nuevas l\u00edneas de trabajo en conjunto<\/li><\/ul>\n\n\n\n<p><strong>Mijas, 14 de diciembre de 2021.<\/strong> El primer teniente alcalde de Mijas y edil de Turismo, Jos\u00e9 Carlos Mart\u00edn, ha recibido esta ma\u00f1ana al nuevo vicepresidente territorial de la ciudad de la Asociaci\u00f3n de Empresarios Hoteleros de la Costa&nbsp; de Sol (Aehcos), Juan Miguel Marcos, con el que ha mantenido una reuni\u00f3n de trabajo. \u201cDesde el Ayuntamiento vamos de la mano de todos los empresarios que generan puestos de trabajo y que suponen un revulsivo en nuestra econom\u00eda local. La planta hotelera mije\u00f1a es muy importante para poder mantener esos empleos ligados al turismo que es una de nuestras mayores industrias\u201d, se\u00f1ala el concejal quien a\u00f1ade que \u201cdesde la administraci\u00f3n local se est\u00e1n organizando eventos e iniciativas, adem\u00e1s de la tradicional promoci\u00f3n tur\u00edstica, para atraer a los visitantes y dinamizar la ciudad propiciando as\u00ed m\u00e1s oportunidades para, entre otras cuestiones, fomentar las posibles pernoctaciones\u201d.<\/p>\n\n\n\n<p>En este sentido, Mart\u00edn ha destacado \u201cla procesi\u00f3n de la Virgen de los Dolores, los Belenes que se han montado en la ciudad, los conciertos de pastorales y villancicos, las rutas guiadas para mostrar c\u00f3mo se elaboran los dulces navide\u00f1os as\u00ed como otras tantas actuaciones que previstas hasta que pasen los Reyes Magos\u201d.<\/p>\n\n\n\n<p>Por su parte, Marcos ha destacado que \u201cen la provincia de M\u00e1laga se ha registrado una media de un 64 por ciento de ocupaci\u00f3n lo que supone para el sector un respiro teniendo en cuenta que la previsi\u00f3n rondaba el 52 por ciento\u201d a lo que a\u00f1ade que \u201cla Navidad y el Fin de A\u00f1o son tambi\u00e9n fechas muy importantes para los hoteles malague\u00f1os\u201d.<\/p>\n\n\n\n<p>As\u00ed pues, la llegada de turistas a Mijas significa consumo en los restaurantes, en los comercios, en los peque\u00f1os puestos o quioscos adem\u00e1s de un \u2018boca a boca\u2019 del viajero que nos puede recomendar en su lugar de origen. \u201cNo se trata solo de fidelizar sino tambi\u00e9n de aumentar las llegadas por lo que la calidad de todos nuestros servicios y experiencias es esencial\u201d, concluye el primer teniente alcalde.<\/p>\n","protected":false},"excerpt":{"rendered":"<p>El primer teniente alcalde y edil de Turismo, Jos\u00e9 Carlos Mart\u00edn, ha recibido esta ma\u00f1ana al nuevo vicepresidente territorial de la ciudad de Aehcos, Juan Miguel Marcos, para trazar nuevas l\u00edneas de trabajo en conjunto Mijas, 14 de diciembre de 2021. El primer teniente alcalde de Mijas y edil de Turismo, Jos\u00e9 Carlos Mart\u00edn, ha [&hellip;]<\/p>\n","protected":false},"author":1,"featured_media":44712,"comment_status":"closed","ping_status":"open","sticky":false,"template":"","format":"standard","meta":[],"categories":[1,72],"tags":[],"jetpack_featured_media_url":"https:\/\/www.mijas.es\/wp-content\/uploads\/2021\/12\/20211214-AHECOS-Y-TURISMO.-JOSE\u00b4-CARLOS-MARTI\u00b4N.jpeg","_links":{"self":[{"href":"https:\/\/www.mijas.es\/portal\/wp-json\/wp\/v2\/posts\/44710"}],"collection":[{"href":"https:\/\/www.mijas.es\/portal\/wp-json\/wp\/v2\/posts"}],"about":[{"href":"https:\/\/www.mijas.es\/portal\/wp-json\/wp\/v2\/types\/post"}],"author":[{"embeddable":true,"href":"https:\/\/www.mijas.es\/portal\/wp-json\/wp\/v2\/users\/1"}],"replies":[{"embeddable":true,"href":"https:\/\/www.mijas.es\/portal\/wp-json\/wp\/v2\/comments?post=44710"}],"version-history":[{"count":1,"href":"https:\/\/www.mijas.es\/portal\/wp-json\/wp\/v2\/posts\/44710\/revisions"}],"predecessor-version":[{"id":44711,"href":"https:\/\/www.mijas.es\/portal\/wp-json\/wp\/v2\/posts\/44710\/revisions\/44711"}],"wp:featuredmedia":[{"embeddable":true,"href":"https:\/\/www.mijas.es\/portal\/wp-json\/wp\/v2\/media\/44712"}],"wp:attachment":[{"href":"https:\/\/www.mijas.es\/portal\/wp-json\/wp\/v2\/media?parent=44710"}],"wp:term":[{"taxonomy":"category","embeddable":true,"href":"https:\/\/www.mijas.es\/portal\/wp-json\/wp\/v2\/categories?post=44710"},{"taxonomy":"post_tag","embeddable":true,"href":"https:\/\/www.mijas.es\/portal\/wp-json\/wp\/v2\/tags?post=44710"}],"curies":[{"name":"wp","href":"https:\/\/api.w.org\/{rel}","templated":true}]}}