{"id":44704,"date":"2021-12-27T16:55:59","date_gmt":"2021-12-27T15:55:59","guid":{"rendered":"https:\/\/www.mijas.es\/portal\/?p=44704"},"modified":"2021-12-27T16:56:33","modified_gmt":"2021-12-27T15:56:33","slug":"mijas-sera-protagonista-del-partido-que-el-unicaja-disputara-en-el-martin-carpena-el-proximo-2-de-enero","status":"publish","type":"post","link":"https:\/\/www.mijas.es\/portal\/mijas-sera-protagonista-del-partido-que-el-unicaja-disputara-en-el-martin-carpena-el-proximo-2-de-enero\/","title":{"rendered":"Mijas ser\u00e1 protagonista del partido que el Unicaja disputar\u00e1 en el Mart\u00edn Carpena el pr\u00f3ximo 2 de enero"},"content":{"rendered":"\n<ul><li>El municipio ficha por el programa &#8216;Nuestra provincia juega&#8217;, una iniciativa del club malague\u00f1o a trav\u00e9s de la cual localidades de la provincia podr\u00e1n promocionarse en sus encuentros<\/li><\/ul>\n\n\n\n<p><strong>Mijas, 25 de noviembre de 2021.-<\/strong> Mijas ser\u00e1 la gran protagonista del partido que disputar\u00e1 el Unicaja de baloncesto el pr\u00f3ximo d\u00eda 2 de enero en el Mart\u00edn Carpena. Seg\u00fan han anunciado el alcalde de Mijas, Josele Gonz\u00e1lez, el edil de Deportes, Andr\u00e9s Ruiz, y el presidente de Unicaja baloncesto, Antonio L\u00f3pez Nieto, el municipio se adhiere al programa &#8216;Nuestra provincia juega&#8217;, una iniciativa del club malague\u00f1o en la que localidades de toda la provincia podr\u00e1n vivir la emoci\u00f3n del baloncesto en directo y promocionar sus virtudes y calidades en el Mart\u00edn Carpena los d\u00edas de partido.<\/p>\n\n\n\n<p>\u00abEl 2 de enero, Mijas tendr\u00e1 un gran protagonismo en el partido que disputar\u00e1 el Unicaja frente al Casademont Zaragoza. Tendremos una fanzone donde vamos a llevar a cabo una promoci\u00f3n directa del municipio y eso, desde el punto de vista tur\u00edstico, teniendo en cuenta el nivel de repercusi\u00f3n nacional que tienen estos partidos de la liga ACB, es muy importante\u00bb, afirma el regidor mije\u00f1o, quien ha adelantado que este acuerdo presentado en el Pabell\u00f3n de los Guindos \u00abno se va a quedar ah\u00ed, adem\u00e1s de colaborar este d\u00eda, hemos abierto la puerta a otros acuerdos a lo largo de todo el 2022 porque se trata de una alianza que beneficia a ambas partes\u00bb.<\/p>\n\n\n\n<p>Una alianza de dos grandes marcas como son el Unicaja baloncesto y Mijas, \u00abun refente del deporte\u00bb, seg\u00fan ha subrayado por su parte Ruiz. \u00abPor un lado, Unicaja Baloncesto agrega su marca a un municipio que apoya el deporte de forma incondicional y absoluta y por el otro, es una oportunidad para Mijas de promocionar su marca a nivel tur\u00edstico y tambi\u00e9n deportivo, para que todos vean precisamente lo mucho que este municipio apoya el deporte\u00bb, a\u00f1ade.<\/p>\n\n\n\n<p>El acuerdo alcanzado entre el Ayuntamiento de Mijas y el Unicaja baloncesto tambi\u00e9n permitir\u00e1 que residentes de la localidad puedan disfrutar del partido en directo. Asimismo, se emitir\u00e1 publicidad de Mijas en el videomarcador y en el anillo led, entre otras acciones promocionales.<\/p>\n\n\n\n<p>\u00abEs una manera de vincular nuestros rincones con la marca Unicaja y con el deporte en general\u00bb, explica el presidente del Unicaja baloncesto, Antonio L\u00f3pez Nieto, quien ha anticipado que \u00abcon el Ayuntamiento de Mijas estamos trabajando para que el a\u00f1o que viene tengamos la posibilidad de que el equipo femenino vaya a jugar algunos partidos a Mijas y as\u00ed crear una vinculaci\u00f3n m\u00e1s fuerte con este municipio\u00bb.<\/p>\n","protected":false},"excerpt":{"rendered":"<p>El municipio ficha por el programa &#8216;Nuestra provincia juega&#8217;, una iniciativa del club malague\u00f1o a trav\u00e9s de la cual localidades de la provincia podr\u00e1n promocionarse en sus encuentros Mijas, 25 de noviembre de 2021.- Mijas ser\u00e1 la gran protagonista del partido que disputar\u00e1 el Unicaja de baloncesto el pr\u00f3ximo d\u00eda 2 de enero en el [&hellip;]<\/p>\n","protected":false},"author":1,"featured_media":44706,"comment_status":"closed","ping_status":"open","sticky":false,"template":"","format":"standard","meta":[],"categories":[1,6],"tags":[],"jetpack_featured_media_url":"https:\/\/www.mijas.es\/wp-content\/uploads\/2021\/12\/20211213-UNICAJA-MIJAS.-JOSELE-GONZA\u00b4LEZ-Y-ANDRE\u00b4S-RUIZ.jpeg","_links":{"self":[{"href":"https:\/\/www.mijas.es\/portal\/wp-json\/wp\/v2\/posts\/44704"}],"collection":[{"href":"https:\/\/www.mijas.es\/portal\/wp-json\/wp\/v2\/posts"}],"about":[{"href":"https:\/\/www.mijas.es\/portal\/wp-json\/wp\/v2\/types\/post"}],"author":[{"embeddable":true,"href":"https:\/\/www.mijas.es\/portal\/wp-json\/wp\/v2\/users\/1"}],"replies":[{"embeddable":true,"href":"https:\/\/www.mijas.es\/portal\/wp-json\/wp\/v2\/comments?post=44704"}],"version-history":[{"count":1,"href":"https:\/\/www.mijas.es\/portal\/wp-json\/wp\/v2\/posts\/44704\/revisions"}],"predecessor-version":[{"id":44705,"href":"https:\/\/www.mijas.es\/portal\/wp-json\/wp\/v2\/posts\/44704\/revisions\/44705"}],"wp:featuredmedia":[{"embeddable":true,"href":"https:\/\/www.mijas.es\/portal\/wp-json\/wp\/v2\/media\/44706"}],"wp:attachment":[{"href":"https:\/\/www.mijas.es\/portal\/wp-json\/wp\/v2\/media?parent=44704"}],"wp:term":[{"taxonomy":"category","embeddable":true,"href":"https:\/\/www.mijas.es\/portal\/wp-json\/wp\/v2\/categories?post=44704"},{"taxonomy":"post_tag","embeddable":true,"href":"https:\/\/www.mijas.es\/portal\/wp-json\/wp\/v2\/tags?post=44704"}],"curies":[{"name":"wp","href":"https:\/\/api.w.org\/{rel}","templated":true}]}}