{"id":44701,"date":"2021-12-27T16:54:48","date_gmt":"2021-12-27T15:54:48","guid":{"rendered":"https:\/\/www.mijas.es\/portal\/?p=44701"},"modified":"2021-12-27T16:55:25","modified_gmt":"2021-12-27T15:55:25","slug":"mijas-extiende-su-servicio-de-transporte-publico-a-demanda-a-diversas-urbanizaciones-del-municipio","status":"publish","type":"post","link":"https:\/\/www.mijas.es\/portal\/mijas-extiende-su-servicio-de-transporte-publico-a-demanda-a-diversas-urbanizaciones-del-municipio\/","title":{"rendered":"Mijas extiende su servicio de transporte p\u00fablico a demanda a diversas urbanizaciones del municipio"},"content":{"rendered":"\n<ul><li>Cualquier usuario de las l\u00edneas M-119 y M-223 que necesite parada en la fase 8 de Riviera, Cascadas de Calahonda o Avenida de Espa\u00f1a de Mijas Golf podr\u00e1 solicitarla un d\u00eda antes de su ruta a trav\u00e9s del Consorcio de Transporte Metropolitano del \u00c1rea de M\u00e1laga<\/li><\/ul>\n\n\n\n<p><strong>Mijas, 13 de diciembre de 2021.-<\/strong> Mijas ampl\u00eda desde este lunes 13 de diciembre su transporte p\u00fablico a demanda, servicio que permitir\u00e1 a usuarios de diversas urbanizaciones de la localidad solicitar paradas que no est\u00e1n establecidas en la hoja de ruta de las l\u00edneas M-119 y M-223, seg\u00fan ha anunciado esta ma\u00f1ana el concejal de Transportes y Movilidad, Nicol\u00e1s Cruz.<\/p>\n\n\n\n<p>\u00abEl transporte p\u00fablico a demanda permite que cualquier usuario interesado en utilizar estos servicios p\u00fablicos puedan solicitar una parada a trav\u00e9s de la aplicaci\u00f3n del consorcio mediante reserva directa, trav\u00e9s de la web <a href=\"http:\/\/www.ctmam.es\">www.ctmam.es<\/a> o bien al tel\u00e9fono 951 92 02 67.&nbsp; Esa reserva tendr\u00e1 que hacerse el d\u00eda anterior a la ruta planeada, antes de las 18 horas, y en ella habr\u00e1 que indicar la hora y la ruta en la que desean utilizar este servicio y desde el consorcio se har\u00e1 todas las gestiones para que el autob\u00fas se desv\u00ede a la parada solicitada\u00bb, explica Cruz, quien ha a\u00f1adido que \u00abse trata de una nueva modalidad que estamos probando en diversas l\u00edneas y que no suponen ning\u00fan perjuicio en horarios con respecto a la ruta original\u00bb.<\/p>\n\n\n\n<p>As\u00ed, este servicio a demanda se va a instaurar en la fase 8 de Riviera, en la zona de Cascadas de Calahonda y tambi\u00e9n en la Avenida de Espa\u00f1a de Mijas Golf. Estos puntos se suman al que ya se implement\u00f3 en su d\u00eda, como prueba piloto, en la calle Equitaci\u00f3n, cerca del Hip\u00f3dromo, y perteneciente a la l\u00ednea M-156. \u00abNuestro objetivo es acercar a los vecinos y residentes de zonas apartadas de urbanizaciones a los centros poblaciones m\u00e1s relevantes\u00bb, a\u00f1ade Cruz.<\/p>\n\n\n\n<p>Seg\u00fan ha informado el \u00e1rea de Transportes y Movilidad, este servicio a demanda ha tenido \u00abun repunte de uso en los \u00faltimos meses\u00bb, pero aseguran que su implementaci\u00f3n en las l\u00edneas M-119 y M-223 ser\u00e1 a\u00fan m\u00e1s extendida \u00abdado que es un servicio muy demandado por los vecinos y estamos seguros que muchos de ellos lo van a agradecer\u00bb.<\/p>\n","protected":false},"excerpt":{"rendered":"<p>Cualquier usuario de las l\u00edneas M-119 y M-223 que necesite parada en la fase 8 de Riviera, Cascadas de Calahonda o Avenida de Espa\u00f1a de Mijas Golf podr\u00e1 solicitarla un d\u00eda antes de su ruta a trav\u00e9s del Consorcio de Transporte Metropolitano del \u00c1rea de M\u00e1laga Mijas, 13 de diciembre de 2021.- Mijas ampl\u00eda desde [&hellip;]<\/p>\n","protected":false},"author":1,"featured_media":44703,"comment_status":"closed","ping_status":"open","sticky":false,"template":"","format":"standard","meta":[],"categories":[1,71],"tags":[],"jetpack_featured_media_url":"https:\/\/www.mijas.es\/wp-content\/uploads\/2021\/12\/20211213-PARADAS-A-DEMANDA.-NICOLA\u00b4S-CRUZ.jpeg","_links":{"self":[{"href":"https:\/\/www.mijas.es\/portal\/wp-json\/wp\/v2\/posts\/44701"}],"collection":[{"href":"https:\/\/www.mijas.es\/portal\/wp-json\/wp\/v2\/posts"}],"about":[{"href":"https:\/\/www.mijas.es\/portal\/wp-json\/wp\/v2\/types\/post"}],"author":[{"embeddable":true,"href":"https:\/\/www.mijas.es\/portal\/wp-json\/wp\/v2\/users\/1"}],"replies":[{"embeddable":true,"href":"https:\/\/www.mijas.es\/portal\/wp-json\/wp\/v2\/comments?post=44701"}],"version-history":[{"count":1,"href":"https:\/\/www.mijas.es\/portal\/wp-json\/wp\/v2\/posts\/44701\/revisions"}],"predecessor-version":[{"id":44702,"href":"https:\/\/www.mijas.es\/portal\/wp-json\/wp\/v2\/posts\/44701\/revisions\/44702"}],"wp:featuredmedia":[{"embeddable":true,"href":"https:\/\/www.mijas.es\/portal\/wp-json\/wp\/v2\/media\/44703"}],"wp:attachment":[{"href":"https:\/\/www.mijas.es\/portal\/wp-json\/wp\/v2\/media?parent=44701"}],"wp:term":[{"taxonomy":"category","embeddable":true,"href":"https:\/\/www.mijas.es\/portal\/wp-json\/wp\/v2\/categories?post=44701"},{"taxonomy":"post_tag","embeddable":true,"href":"https:\/\/www.mijas.es\/portal\/wp-json\/wp\/v2\/tags?post=44701"}],"curies":[{"name":"wp","href":"https:\/\/api.w.org\/{rel}","templated":true}]}}