{"id":44601,"date":"2021-12-01T11:13:41","date_gmt":"2021-12-01T10:13:41","guid":{"rendered":"https:\/\/www.mijas.es\/portal\/?p=44601"},"modified":"2021-12-01T11:13:42","modified_gmt":"2021-12-01T10:13:42","slug":"mijas-ilumina-su-navidad-el-proximo-5-de-diciembre","status":"publish","type":"post","link":"https:\/\/www.mijas.es\/portal\/mijas-ilumina-su-navidad-el-proximo-5-de-diciembre\/","title":{"rendered":"Mijas ilumina su Navidad el pr\u00f3ximo 5 de diciembre"},"content":{"rendered":"\n<ul><li>La fiesta de inauguraci\u00f3n del alumbrado navide\u00f1o tendr\u00e1 lugar en la Plaza Virgen de la Pe\u00f1a a partir de las 17.00 horas<\/li><li>Zambomba, chocolate caliente y juegos, entre los atractivos para disfrutar de esta tarde en familia<\/li><\/ul>\n\n\n\n<p><strong>Mijas, 30 de noviembre de 2021.-<\/strong> Mijas ilumina su Navidad. Seg\u00fan ha informado esta ma\u00f1ana la concejala de Fiestas, Tamara Vera, el encendido del alumbrado navide\u00f1o tendr\u00e1 lugar este domingo 5 de diciembre, a partir de las 17.00 horas, en la Plaza Virgen de la Pe\u00f1a, enclave que acoger\u00e1 una fiesta inaugural con chocolate caliente, pista de patinaje sobre hielo y juegos para los m\u00e1s peque\u00f1os, as\u00ed como una zambomba.<\/p>\n\n\n\n<p>\u00abEstamos ultimando los detalles de la iluminaci\u00f3n navide\u00f1a en nuestro municipio, que como siempre tiene una complejidad, dado que se iluminan tres n\u00facleos de poblaci\u00f3n bastante extensos, lo que supone que un gran n\u00famero de efectivos trabajen en estos d\u00edas para que todo est\u00e9 a punto para el pr\u00f3ximo 5 de diciembre\u00bb, detalla Vera, quien ha destacado que el alumbrado navide\u00f1o llega para ser \u00abun atractivo m\u00e1s para nuestros visitantes, dado que esta iluminaci\u00f3n estar\u00e1 en los tres n\u00facleos de Mijas para que todos puedan tomarse su tradicional foto navide\u00f1a\u00bb.<\/p>\n\n\n\n<p>En este sentido, Vera ha adelantado que el alumbrado pretende dinamizar la econom\u00eda local del municipio, \u00abarropando a nuestros comercios y comerciantes con esta iluminaci\u00f3n que estar\u00e1 en los tres puntos del municipio, desde el Bulevar de La Cala, en el Parque Mar\u00eda Zambrano, Parque Andaluc\u00eda y Fern\u00e1n Caballero de Las Lagunas o en la Plaza Virgen de la Pe\u00f1a\u00bb.<\/p>\n\n\n\n<p>Igualmente, desde el \u00e1rea de Fiestas han adelantado que todas aquellas personas que se acerquen hasta la Plaza Virgen de la Pe\u00f1a el pr\u00f3ximo d\u00eda 5 de diciembre podr\u00e1n disfrutar de las luces navide\u00f1as mientras disfrutan de chocolate caliente y una zambomba que tendr\u00e1 lugar tras el encendido navide\u00f1o a cargo de los cantores Sebasti\u00e1n Nava, Jos\u00e9 el \u00abPetro\u00bb, Juanjo Lavado, Enrique Heredia, Doly Lopez y el Coro Uni\u00f3n del Cante. A la guitarra estar\u00e1n Paco Arag\u00f3n, Enrique Heredias y Diego Morilla y como bailaora estar\u00e1 sobre el escenario Tatiana y al caj\u00f3n M. \u00c1ngel Roja.<\/p>\n\n\n\n<p>\u00abQueremos implementar la normalidad pero siempre desde el respeto y la precauci\u00f3n, es por ello que todas las actividades que desde el Ayuntamiento vamos a plantear de cara a estas fechas seguir\u00e1n las pautas que nos vayan indicando las autoridades sanitarias. Tenemos que ser cautos para poder disfrutar de la Navidad con grandes y peque\u00f1os\u00bb, concluye Vera.<\/p>\n","protected":false},"excerpt":{"rendered":"<p>La fiesta de inauguraci\u00f3n del alumbrado navide\u00f1o tendr\u00e1 lugar en la Plaza Virgen de la Pe\u00f1a a partir de las 17.00 horas Zambomba, chocolate caliente y juegos, entre los atractivos para disfrutar de esta tarde en familia Mijas, 30 de noviembre de 2021.- Mijas ilumina su Navidad. Seg\u00fan ha informado esta ma\u00f1ana la concejala de [&hellip;]<\/p>\n","protected":false},"author":9,"featured_media":44600,"comment_status":"closed","ping_status":"open","sticky":false,"template":"","format":"standard","meta":[],"categories":[1,19],"tags":[],"jetpack_featured_media_url":"https:\/\/www.mijas.es\/wp-content\/uploads\/2021\/12\/20211130-ENCENDIDO-NAVIDENO.-TAMARA-VERA.jpeg","_links":{"self":[{"href":"https:\/\/www.mijas.es\/portal\/wp-json\/wp\/v2\/posts\/44601"}],"collection":[{"href":"https:\/\/www.mijas.es\/portal\/wp-json\/wp\/v2\/posts"}],"about":[{"href":"https:\/\/www.mijas.es\/portal\/wp-json\/wp\/v2\/types\/post"}],"author":[{"embeddable":true,"href":"https:\/\/www.mijas.es\/portal\/wp-json\/wp\/v2\/users\/9"}],"replies":[{"embeddable":true,"href":"https:\/\/www.mijas.es\/portal\/wp-json\/wp\/v2\/comments?post=44601"}],"version-history":[{"count":1,"href":"https:\/\/www.mijas.es\/portal\/wp-json\/wp\/v2\/posts\/44601\/revisions"}],"predecessor-version":[{"id":44602,"href":"https:\/\/www.mijas.es\/portal\/wp-json\/wp\/v2\/posts\/44601\/revisions\/44602"}],"wp:featuredmedia":[{"embeddable":true,"href":"https:\/\/www.mijas.es\/portal\/wp-json\/wp\/v2\/media\/44600"}],"wp:attachment":[{"href":"https:\/\/www.mijas.es\/portal\/wp-json\/wp\/v2\/media?parent=44601"}],"wp:term":[{"taxonomy":"category","embeddable":true,"href":"https:\/\/www.mijas.es\/portal\/wp-json\/wp\/v2\/categories?post=44601"},{"taxonomy":"post_tag","embeddable":true,"href":"https:\/\/www.mijas.es\/portal\/wp-json\/wp\/v2\/tags?post=44601"}],"curies":[{"name":"wp","href":"https:\/\/api.w.org\/{rel}","templated":true}]}}