{"id":44587,"date":"2021-11-29T11:39:18","date_gmt":"2021-11-29T10:39:18","guid":{"rendered":"https:\/\/www.mijas.es\/portal\/?p=44587"},"modified":"2021-11-29T11:39:21","modified_gmt":"2021-11-29T10:39:21","slug":"ampliado-el-plazo-de-solicitudes-del-curso-de-limpieza-de-superficies-de-mijas-impulsa-hasta-el-3-de-diciembre","status":"publish","type":"post","link":"https:\/\/www.mijas.es\/portal\/ampliado-el-plazo-de-solicitudes-del-curso-de-limpieza-de-superficies-de-mijas-impulsa-hasta-el-3-de-diciembre\/","title":{"rendered":"Ampliado el plazo de solicitudes del curso de limpieza de superficies de Mijas Impulsa hasta el 3 de diciembre"},"content":{"rendered":"\n<ul><li>Tendr\u00e1 unas 300 horas, 220 te\u00f3ricas y 80 pr\u00e1cticas en empresas, y no es necesario formaci\u00f3n previa para solicitar una de las 15 plazas disponibles<\/li><\/ul>\n\n\n\n<p><strong>Mijas, 26 de noviembre de 2021.-<\/strong> El \u00e1rea de Fomento ha anunciado que ampl\u00eda el plazo de solicitudes para el curso de limpieza de superficies de Mijas Impulsa hasta el pr\u00f3ximo 3 de diciembre. Esta formaci\u00f3n cuenta con 15 plazas disponibles y est\u00e1 previsto que d\u00e9 comienzo el 13 de diciembre.<\/p>\n\n\n\n<p>\u00abAnimo a todos los desempleados y desempleadas de la zona a que se acerquen al edificio de Fomento y se informen de todos los requisitos necesarios para poder acceder a esta formaci\u00f3n que cuenta con certificado de profesionalidad\u00bb, detalla la edil responsable del \u00e1rea, Laura Moreno.<\/p>\n\n\n\n<p>Este nuevo curso de limpieza de superficies, que se extender\u00e1 de diciembre de 2021 a marzo de 2022, cuenta con 300 horas, 220 te\u00f3ricas y 80 pr\u00e1cticas en empresas. Desde Mijas Impulsa recuerdan que no es necesario contar con formaci\u00f3n acad\u00e9mica previa para inscribirse. El programa de Mijas Impulsa es un proyecto gestionado por el departamento de Fomento de Empleo del Ayuntamiento de Mijas, cofinanciado por el Consistorio junto al Fondo Social Europeo en el marco del Programa Operativo de Empleo, Formaci\u00f3n y Educaci\u00f3n destinadas a la inserci\u00f3n de las personas m\u00e1s vulnerables (AP-POEFE).<\/p>\n","protected":false},"excerpt":{"rendered":"<p>Tendr\u00e1 unas 300 horas, 220 te\u00f3ricas y 80 pr\u00e1cticas en empresas, y no es necesario formaci\u00f3n previa para solicitar una de las 15 plazas disponibles Mijas, 26 de noviembre de 2021.- El \u00e1rea de Fomento ha anunciado que ampl\u00eda el plazo de solicitudes para el curso de limpieza de superficies de Mijas Impulsa hasta el [&hellip;]<\/p>\n","protected":false},"author":9,"featured_media":0,"comment_status":"closed","ping_status":"open","sticky":false,"template":"","format":"standard","meta":[],"categories":[1,19],"tags":[],"jetpack_featured_media_url":"","_links":{"self":[{"href":"https:\/\/www.mijas.es\/portal\/wp-json\/wp\/v2\/posts\/44587"}],"collection":[{"href":"https:\/\/www.mijas.es\/portal\/wp-json\/wp\/v2\/posts"}],"about":[{"href":"https:\/\/www.mijas.es\/portal\/wp-json\/wp\/v2\/types\/post"}],"author":[{"embeddable":true,"href":"https:\/\/www.mijas.es\/portal\/wp-json\/wp\/v2\/users\/9"}],"replies":[{"embeddable":true,"href":"https:\/\/www.mijas.es\/portal\/wp-json\/wp\/v2\/comments?post=44587"}],"version-history":[{"count":1,"href":"https:\/\/www.mijas.es\/portal\/wp-json\/wp\/v2\/posts\/44587\/revisions"}],"predecessor-version":[{"id":44588,"href":"https:\/\/www.mijas.es\/portal\/wp-json\/wp\/v2\/posts\/44587\/revisions\/44588"}],"wp:attachment":[{"href":"https:\/\/www.mijas.es\/portal\/wp-json\/wp\/v2\/media?parent=44587"}],"wp:term":[{"taxonomy":"category","embeddable":true,"href":"https:\/\/www.mijas.es\/portal\/wp-json\/wp\/v2\/categories?post=44587"},{"taxonomy":"post_tag","embeddable":true,"href":"https:\/\/www.mijas.es\/portal\/wp-json\/wp\/v2\/tags?post=44587"}],"curies":[{"name":"wp","href":"https:\/\/api.w.org\/{rel}","templated":true}]}}