{"id":44506,"date":"2021-11-22T11:05:09","date_gmt":"2021-11-22T10:05:09","guid":{"rendered":"https:\/\/www.mijas.es\/portal\/?p=44506"},"modified":"2021-11-22T11:05:12","modified_gmt":"2021-11-22T10:05:12","slug":"mijas-conmemora-el-25-de-noviembre-dia-internacional-de-la-eliminacion-de-la-violencia-contra-la-mujer","status":"publish","type":"post","link":"https:\/\/www.mijas.es\/portal\/mijas-conmemora-el-25-de-noviembre-dia-internacional-de-la-eliminacion-de-la-violencia-contra-la-mujer\/","title":{"rendered":"Mijas conmemora el 25 de noviembre, D\u00eda Internacional de la Eliminaci\u00f3n de la Violencia contra la Mujer"},"content":{"rendered":"\n<ul><li>Bajo el lema \u00abEstoy de tu lado\u00bb, el \u00e1rea de Igualdad y Diversidad ha presentado su campa\u00f1a en el que se incluye, entre otras acciones, la inauguraci\u00f3n de una escultura en memoria de las v\u00edctimas y una jornada multidisciplinar con diferentes ponencias<\/li><\/ul>\n\n\n\n<p><strong>Mijas, 19 de noviembre de 2021.-<\/strong> Mijas est\u00e1 del lado de las v\u00edctimas de la violencia machista. La concejala de Igualdad y Diversidad, Natalia Mart\u00ednez, ha presentado los actos que el Consistorio mije\u00f1o tiene preparado para el 25 de noviembre, D\u00eda Internacional de la Eliminaci\u00f3n de la Violencia Contra la Mujer, y que este a\u00f1o llegan bajo la campa\u00f1a \u00abEstoy de tu lado\u00bb.<\/p>\n\n\n\n<p>\u00abEs un d\u00eda muy necesario para seguir concienciando y sensibilizando a la poblaci\u00f3n en general, y muy particularmente a los m\u00e1s j\u00f3venes, para que sepan detectar las violencias machistas en todas sus manifestaciones, no solo la violencia f\u00edsica\u00bb, afirma Mart\u00ednez, quien ha querido poner en valor c\u00f3mo \u00abes muy importante que el 25 de noviembre salgamos a la calle para manifestar nuestra total repulsa contra esta lacra social que hay que combatir no solo ese d\u00eda, sino todos los d\u00edas del a\u00f1o\u00bb.<\/p>\n\n\n\n<p>La programaci\u00f3n comenzar\u00e1 el mismo d\u00eda 25 de noviembre, a las 12 de la ma\u00f1ana, con la lectura del manifiesto en la puerta del Ayuntamiento de Mijas. \u00abAdem\u00e1s se colocar\u00e1 una lona en el balc\u00f3n del ayuntamiento en contra de la violencia machista, que permanecer\u00e1 en el lugar durante unos d\u00edas, y que demuestra el compromiso que tiene este ayuntamiento con todas las v\u00edctimas que sufren la violencia machista\u00bb.<\/p>\n\n\n\n<p>Desde el a\u00f1o 2003, 1.118 mujeres han sido asesinadas por sus parejas y ex parejas y este a\u00f1o la cifra se eleva a 37 mujeres y a 5 ni\u00f1os y ni\u00f1as. En su memoria, Mijas ha creado una escultura que ser\u00e1 inaugurada el d\u00eda 25 de noviembre, a partir de las 18.00 horas. \u00abEsta escultura estar\u00e1 en la plaza San Valent\u00edn de Las Lagunas, creando un espacio en el municipio donde recordar a las v\u00edctimas a lo largo de los 365 d\u00edas del a\u00f1o. En el acto de inauguraci\u00f3n contaremos con la participaci\u00f3n del alumnado del taller de teatro de la Universidad Popular, que nos realizar\u00e1 una perfomance en contra de la violencia machista\u00bb, a\u00f1ade Mart\u00ednez.<\/p>\n\n\n\n<p>Pero los actos por el 25N no terminan ese d\u00eda. El s\u00e1bado 27 de noviembre, el sal\u00f3n de plenos del Ayuntamiento de Mijas acoger\u00e1 una jornada multidisciplinar sobre el tema con la intervenci\u00f3n de diferentes ponentes. La programaci\u00f3n dar\u00e1 comienzo a las 10.00 horas con la intervenci\u00f3n de Mercerdes S\u00e1nchez Vico, coordinadora de planes de Igualdad del profesorado y de diversos centros educativos andaluces, que hablar\u00e1 de prevenir la violencia de g\u00e9nero desde la educaci\u00f3n.<\/p>\n\n\n\n<p>A ella le seguir\u00e1n Yayo Nieto Vera, abogada especialista en Violencias Machistas, que tocar\u00e1 el tema de las medidas de protecci\u00f3n integral; Encarni Iglesias Pereira, presidenta de la Asociaci\u00f3n STOP Violencia de G\u00e9nero Digital, que hablar\u00e1 del ciberacoso y la violencia de g\u00e9nero digital; B\u00e1rbara Tard\u00f3n Recio, asesora del Ministerio de Igualdad en la Delegaci\u00f3n del Gobierno contra la Violencia de G\u00e9nero, que se encargar\u00e1 de exponer la violencia sexual; y Octavio Salazar Ben\u00edtez, catedr\u00e1tico de Derecho Constitucional de la Universidad de C\u00f3rdoba, que impartir\u00e1 una ponencia sobre la masculinidad y violencia de g\u00e9nero. La entrada es libre hasta completar aforo y pueden consultar toda la programaci\u00f3n en el enlace <a href=\"https:\/\/www.mijas.es\/portal\/area-para-la-igualdad\/actividades-area-de-igualdad\/\">https:\/\/www.mijas.es\/portal\/area-para-la-igualdad\/actividades-area-de-igualdad\/<\/a>.<\/p>\n\n\n\n<p>Por \u00faltimo, desde el \u00e1rea de Igualdad y Diversidad han recordado que el departamento tiene en marcha diferentes programas vinculados a la violencia de g\u00e9nero tales como los talleres de coeducaci\u00f3n y prevenci\u00f3n que se est\u00e1 impartiendo en colegios e institutos del municipio, el curso de dinamizadora comunitaria para la prevenci\u00f3n de la violencia machista que imparte M\u00e1laga Acoge a 18 mujeres; o el importante acuerdo alcanzado hace unos d\u00edas entre la Uni\u00f3n de Cerrajeros Andaluces de Seguridad (UCAS) y el Ayuntamiento de Mijas por el que, de manera gratuita, se cambiar\u00e1 las cerraduras a las viviendas situadas en el municipio mije\u00f1o donde residan mujeres v\u00edctimas de violencia de g\u00e9nero.&nbsp;<\/p>\n","protected":false},"excerpt":{"rendered":"<p>Bajo el lema \u00abEstoy de tu lado\u00bb, el \u00e1rea de Igualdad y Diversidad ha presentado su campa\u00f1a en el que se incluye, entre otras acciones, la inauguraci\u00f3n de una escultura en memoria de las v\u00edctimas y una jornada multidisciplinar con diferentes ponencias Mijas, 19 de noviembre de 2021.- Mijas est\u00e1 del lado de las v\u00edctimas [&hellip;]<\/p>\n","protected":false},"author":9,"featured_media":44503,"comment_status":"closed","ping_status":"open","sticky":false,"template":"","format":"standard","meta":[],"categories":[1,19],"tags":[],"jetpack_featured_media_url":"https:\/\/www.mijas.es\/wp-content\/uploads\/2021\/11\/20211119-MIJAS-CONMEMORA-EL-25N.-NATALIA-MARTINEZ.jpeg","_links":{"self":[{"href":"https:\/\/www.mijas.es\/portal\/wp-json\/wp\/v2\/posts\/44506"}],"collection":[{"href":"https:\/\/www.mijas.es\/portal\/wp-json\/wp\/v2\/posts"}],"about":[{"href":"https:\/\/www.mijas.es\/portal\/wp-json\/wp\/v2\/types\/post"}],"author":[{"embeddable":true,"href":"https:\/\/www.mijas.es\/portal\/wp-json\/wp\/v2\/users\/9"}],"replies":[{"embeddable":true,"href":"https:\/\/www.mijas.es\/portal\/wp-json\/wp\/v2\/comments?post=44506"}],"version-history":[{"count":1,"href":"https:\/\/www.mijas.es\/portal\/wp-json\/wp\/v2\/posts\/44506\/revisions"}],"predecessor-version":[{"id":44507,"href":"https:\/\/www.mijas.es\/portal\/wp-json\/wp\/v2\/posts\/44506\/revisions\/44507"}],"wp:featuredmedia":[{"embeddable":true,"href":"https:\/\/www.mijas.es\/portal\/wp-json\/wp\/v2\/media\/44503"}],"wp:attachment":[{"href":"https:\/\/www.mijas.es\/portal\/wp-json\/wp\/v2\/media?parent=44506"}],"wp:term":[{"taxonomy":"category","embeddable":true,"href":"https:\/\/www.mijas.es\/portal\/wp-json\/wp\/v2\/categories?post=44506"},{"taxonomy":"post_tag","embeddable":true,"href":"https:\/\/www.mijas.es\/portal\/wp-json\/wp\/v2\/tags?post=44506"}],"curies":[{"name":"wp","href":"https:\/\/api.w.org\/{rel}","templated":true}]}}