{"id":44442,"date":"2021-11-17T11:24:39","date_gmt":"2021-11-17T10:24:39","guid":{"rendered":"https:\/\/www.mijas.es\/portal\/?p=44442"},"modified":"2021-11-17T11:24:41","modified_gmt":"2021-11-17T10:24:41","slug":"mijas-pone-el-foco-en-la-violencia-de-genero-en-las-redes-sociales-con-unos-talleres-de-prevencion","status":"publish","type":"post","link":"https:\/\/www.mijas.es\/portal\/mijas-pone-el-foco-en-la-violencia-de-genero-en-las-redes-sociales-con-unos-talleres-de-prevencion\/","title":{"rendered":"Mijas pone el foco en la violencia de g\u00e9nero en las redes sociales con unos talleres de prevenci\u00f3n"},"content":{"rendered":"\n<ul><li>&#8216;No te enredes&#8217; es el lema de esta formaci\u00f3n impulsada en las aulas mije\u00f1as por el \u00e1rea de Igualdad y Diversidad<\/li><\/ul>\n\n\n\n<p><strong>Mijas, 16 de noviembre de 2021.-<\/strong> &#8216;No te enredes&#8217;. Este es el lema de los nuevos talleres de prevenci\u00f3n de la violencia de g\u00e9nero que el \u00e1rea de Igualdad y Diversidad ha puesto en marcha entre el alumnado de tercero de la ESO de todos los institutos del municipio. En esta ocasi\u00f3n, esta formaci\u00f3n est\u00e1 focalizada en las redes sociales, tal y como ha explicado la concejala de Igualdad y Diversidad, Natalia Mart\u00ednez, quien ha acudido esta ma\u00f1ana al taller que se ha impartido a alumnos y alumnas de tercero de la ESO del IES Villa de Mijas.<\/p>\n\n\n\n<p>\u00abDesde edades tempranas su medio de comunicaci\u00f3n m\u00e1s habitual son las redes sociales y es muy necesario que se den estos talleres, 28 en total en todo el municipio, para que ellas y ellos sepan detectar cu\u00e1les son los primeros indicios de la violencia de g\u00e9nero, que no es otro que el ciber acoso a trav\u00e9s de las redes sociales, a trav\u00e9s de ese control que muchas ni\u00f1as desgraciadamente se ven sometidas\u00bb, afirma Mart\u00ednez, quien ha recordado que es muy importante coeducar en igualdad. \u00abDesde el Ayuntamiento de Mijas tenemos un programa de coeducaci\u00f3n tanto en primaria como en secundaria y trabajamos diferentes contenidos y objetivos, cada uno adaptado a su edad pero siempre con el mismo objetivo: educar en igualdad, porque cuando lo hacemos estamos previniendo la violencia machista\u00bb, a\u00f1ade.<\/p>\n\n\n\n<p>En total cuatro horas de formaci\u00f3n para concienciar sobre la violencia de g\u00e9nero y aprender a detectar las se\u00f1ales para su prevenci\u00f3n precoz entre la poblaci\u00f3n adolescente, incidiendo en las redes sociales y en las nuevas formas de violencia de g\u00e9nero a trav\u00e9s del ciber control y el ciber acoso. Elena Carrasco es una de las promotoras en igualdad y psic\u00f3loga encargada de impartir estos talleres.<\/p>\n\n\n\n<p>\u00abLo que tratamos es que ellos y ellas identifiquen cu\u00e1les son esas violencias y que las redes sociales es un espacio m\u00e1s para que se produzcan, con los consecuentes peligros que tiene porque en las redes sociales todo lo que se sube se perpet\u00faa ah\u00ed, con lo cual la violencia puede ser incluso m\u00e1s grave\u00bb, explica.<\/p>\n\n\n\n<p>Con esta formaci\u00f3n se quiere poner \u00ablas gafas violetas\u00bb al alumnado, tal y como explica por su parte Maira Alonso, coordinadora de igualdad del IES Villa de Mijas. \u00abLa igualdad es algo que est\u00e1 en el curr\u00edculum oculto de todas las materias. Nosotros lo trabajamos de manera transversal y nos centramos mucho sobre todo en las tutor\u00edas y en el patio. Al principio lo que hacemos es ponerles las gafas violeta para que identifiquen que algunos aspectos que vemos como cotidiano y normal, quiz\u00e1s no lo son\u00bb.<\/p>\n\n\n\n<p>Concienciar y detectar las se\u00f1ales son los objetivos principales de este taller en el que ha participado Olivia Garc\u00eda, alumna de 3\u00ba A de la ESO del IES Villa de Mijas. \u00abMuchas veces las ni\u00f1as y ni\u00f1os de nuestra edad hemos vivido estos casos y no nos hemos dado cuenta y hay que informarles para que sepan lo que est\u00e1 pasando. Si una chica est\u00e1 pasando por ello, hay que explicarle para que pueda comunicarlo lo antes posible a un adulto, orientador o profesor\u00bb, agrega Garc\u00eda. Una opini\u00f3n que comparte su compa\u00f1ero de aula, Erik Moreno. \u00abEn esta sociedad basada en las redes sociales, es muy importante normalizar que se debe de hablar con alguien para que te ayude en esos casos. Si conociera alg\u00fan caso, no dudar\u00eda en ayudarlo, hablarlo con ella o con alg\u00fan profesor e intentar solucionarlo\u00bb, concluye.<\/p>\n","protected":false},"excerpt":{"rendered":"<p>&#8216;No te enredes&#8217; es el lema de esta formaci\u00f3n impulsada en las aulas mije\u00f1as por el \u00e1rea de Igualdad y Diversidad Mijas, 16 de noviembre de 2021.- &#8216;No te enredes&#8217;. Este es el lema de los nuevos talleres de prevenci\u00f3n de la violencia de g\u00e9nero que el \u00e1rea de Igualdad y Diversidad ha puesto en [&hellip;]<\/p>\n","protected":false},"author":9,"featured_media":44433,"comment_status":"closed","ping_status":"open","sticky":false,"template":"","format":"standard","meta":[],"categories":[1,19],"tags":[],"jetpack_featured_media_url":"https:\/\/www.mijas.es\/wp-content\/uploads\/2021\/11\/20211116-MIJAS-TALLERES-PREVENCION-VIOLENCIA-DE-GENERO.-NATALIA-MARTINEZ.jpeg","_links":{"self":[{"href":"https:\/\/www.mijas.es\/portal\/wp-json\/wp\/v2\/posts\/44442"}],"collection":[{"href":"https:\/\/www.mijas.es\/portal\/wp-json\/wp\/v2\/posts"}],"about":[{"href":"https:\/\/www.mijas.es\/portal\/wp-json\/wp\/v2\/types\/post"}],"author":[{"embeddable":true,"href":"https:\/\/www.mijas.es\/portal\/wp-json\/wp\/v2\/users\/9"}],"replies":[{"embeddable":true,"href":"https:\/\/www.mijas.es\/portal\/wp-json\/wp\/v2\/comments?post=44442"}],"version-history":[{"count":1,"href":"https:\/\/www.mijas.es\/portal\/wp-json\/wp\/v2\/posts\/44442\/revisions"}],"predecessor-version":[{"id":44443,"href":"https:\/\/www.mijas.es\/portal\/wp-json\/wp\/v2\/posts\/44442\/revisions\/44443"}],"wp:featuredmedia":[{"embeddable":true,"href":"https:\/\/www.mijas.es\/portal\/wp-json\/wp\/v2\/media\/44433"}],"wp:attachment":[{"href":"https:\/\/www.mijas.es\/portal\/wp-json\/wp\/v2\/media?parent=44442"}],"wp:term":[{"taxonomy":"category","embeddable":true,"href":"https:\/\/www.mijas.es\/portal\/wp-json\/wp\/v2\/categories?post=44442"},{"taxonomy":"post_tag","embeddable":true,"href":"https:\/\/www.mijas.es\/portal\/wp-json\/wp\/v2\/tags?post=44442"}],"curies":[{"name":"wp","href":"https:\/\/api.w.org\/{rel}","templated":true}]}}