{"id":44440,"date":"2021-11-17T11:23:54","date_gmt":"2021-11-17T10:23:54","guid":{"rendered":"https:\/\/www.mijas.es\/portal\/?p=44440"},"modified":"2021-11-17T11:23:56","modified_gmt":"2021-11-17T10:23:56","slug":"mijas-saca-a-licitacion-la-remodelacion-integral-de-la-calle-benadalid-en-la-cala-de-mijas","status":"publish","type":"post","link":"https:\/\/www.mijas.es\/portal\/mijas-saca-a-licitacion-la-remodelacion-integral-de-la-calle-benadalid-en-la-cala-de-mijas\/","title":{"rendered":"Mijas saca a licitaci\u00f3n la remodelaci\u00f3n integral de la calle Benadalid en La Cala de Mijas"},"content":{"rendered":"\n<ul><li>El edil de Obras e Infraestructuras, Jos\u00e9 Carlos Mart\u00edn, y el concejal de\u00a0 Contrataci\u00f3n, Roy P\u00e9rez, han anunciado que este contrato salen por 537.000 euros y un plazo de ejecuci\u00f3n de 120 d\u00edas, teniendo las empresas interesadas hasta el pr\u00f3ximo 30 de noviembre para presentarse a la oferta<\/li><\/ul>\n\n\n\n<p><strong>Mijas, 16 de noviembre de 2021.-<\/strong> El edil de Obras e Infraestructuras, Jos\u00e9 Carlos Mart\u00edn, y el concejal de Contrataci\u00f3n, Roy P\u00e9rez, han informado esta ma\u00f1ana de la salida a licitaci\u00f3n la ejecuci\u00f3n de las obras de remodelaci\u00f3n de la calle Benadalid en La Cala de Mijas. \u00abEsta es una renovaci\u00f3n que se va a llevar a cabo en toda su integridad, pues se trata de una una calle muy transitada y se encuentra deteriorada en ese aspecto. Si todo el proceso avanza con normalidad para principios de a\u00f1o podremos comenzar las obras de forma secuenciada con el resto que se est\u00e1n llevando acabo en La Cala\u00bb, apunta Mart\u00edn.<\/p>\n\n\n\n<p>Por su parte, P\u00e9rez ha destacado que \u00abesta calle es una de las arterias principales de La Cala. El contrato sale por 537.000 euros, tiene un plazo de ejecuci\u00f3n de 120 d\u00edas y el plazo para que todas aquellas empresas interesadas puedan presentarse en la plataforma de contrataci\u00f3n del Estado es hasta el 30 de noviembre\u00bb.<\/p>\n\n\n\n<p>As\u00ed pues, la actuaci\u00f3n va a contar con la renovaci\u00f3n de toda la pavimentaci\u00f3n de la calle que se encuentra muy deteriorada, adem\u00e1s de la ejecuci\u00f3n de un red de saneamiento separativa de pluviales y fecales para mejorar la evacuaci\u00f3n de las aguas, una nueva red de alumbrado p\u00fablico, de abastecimiento de agua, de telecomunicaciones y en este caso de riego ya que va contar con zonas de arboleda al ser una zona muy transitada tanto peatonal como de tr\u00e1fico rodado. Asimismo, en la l\u00ednea de trabajo del Consistorio, van a erradicar las barreras arquitect\u00f3nica de todo el vial para el f\u00e1cil acceso y tr\u00e1nsito de las personas con movilidad reducida.<\/p>\n\n\n\n<p>En definitiva, si todo el tr\u00e1mite administrativo procede con normalidad, una vez se adjudique el contrato de los trabajos, la obra podr\u00eda comenzar a principios de 2022.<\/p>\n","protected":false},"excerpt":{"rendered":"<p>El edil de Obras e Infraestructuras, Jos\u00e9 Carlos Mart\u00edn, y el concejal de\u00a0 Contrataci\u00f3n, Roy P\u00e9rez, han anunciado que este contrato salen por 537.000 euros y un plazo de ejecuci\u00f3n de 120 d\u00edas, teniendo las empresas interesadas hasta el pr\u00f3ximo 30 de noviembre para presentarse a la oferta Mijas, 16 de noviembre de 2021.- El [&hellip;]<\/p>\n","protected":false},"author":9,"featured_media":44432,"comment_status":"closed","ping_status":"open","sticky":false,"template":"","format":"standard","meta":[],"categories":[1,19],"tags":[],"jetpack_featured_media_url":"https:\/\/www.mijas.es\/wp-content\/uploads\/2021\/11\/20211116-LICITACION-CALLE-BENADALID.-JOSE-CARLOS-MARTIN-Y-ROY-PEREZ.jpeg","_links":{"self":[{"href":"https:\/\/www.mijas.es\/portal\/wp-json\/wp\/v2\/posts\/44440"}],"collection":[{"href":"https:\/\/www.mijas.es\/portal\/wp-json\/wp\/v2\/posts"}],"about":[{"href":"https:\/\/www.mijas.es\/portal\/wp-json\/wp\/v2\/types\/post"}],"author":[{"embeddable":true,"href":"https:\/\/www.mijas.es\/portal\/wp-json\/wp\/v2\/users\/9"}],"replies":[{"embeddable":true,"href":"https:\/\/www.mijas.es\/portal\/wp-json\/wp\/v2\/comments?post=44440"}],"version-history":[{"count":1,"href":"https:\/\/www.mijas.es\/portal\/wp-json\/wp\/v2\/posts\/44440\/revisions"}],"predecessor-version":[{"id":44441,"href":"https:\/\/www.mijas.es\/portal\/wp-json\/wp\/v2\/posts\/44440\/revisions\/44441"}],"wp:featuredmedia":[{"embeddable":true,"href":"https:\/\/www.mijas.es\/portal\/wp-json\/wp\/v2\/media\/44432"}],"wp:attachment":[{"href":"https:\/\/www.mijas.es\/portal\/wp-json\/wp\/v2\/media?parent=44440"}],"wp:term":[{"taxonomy":"category","embeddable":true,"href":"https:\/\/www.mijas.es\/portal\/wp-json\/wp\/v2\/categories?post=44440"},{"taxonomy":"post_tag","embeddable":true,"href":"https:\/\/www.mijas.es\/portal\/wp-json\/wp\/v2\/tags?post=44440"}],"curies":[{"name":"wp","href":"https:\/\/api.w.org\/{rel}","templated":true}]}}