{"id":44438,"date":"2021-11-17T11:22:18","date_gmt":"2021-11-17T10:22:18","guid":{"rendered":"https:\/\/www.mijas.es\/portal\/?p=44438"},"modified":"2021-11-17T11:22:20","modified_gmt":"2021-11-17T10:22:20","slug":"el-parque-vicente-alexander-estrena-vallado-perimetral-zona-multijuego-y-suelo-de-caucho","status":"publish","type":"post","link":"https:\/\/www.mijas.es\/portal\/el-parque-vicente-alexander-estrena-vallado-perimetral-zona-multijuego-y-suelo-de-caucho\/","title":{"rendered":"El parque Vicente Alexander estrena vallado perimetral, zona multijuego y suelo de caucho"},"content":{"rendered":"\n<ul><li>Las actuaciones llevadas a cabo en este espacio infantil de Las Ca\u00f1adas se enmarcan dentro del plan de mejoras de parques y jardines del Consistorio mije\u00f1o<\/li><\/ul>\n\n\n\n<p><strong>Mijas, 15 de noviembre de 2021.-<\/strong> El parque Vicente Alexander, situado en el barrio de Las Ca\u00f1adas, luce imagen renovada. Hasta este espacio lagunero se ha desplazado esta ma\u00f1ana la edil de Parques y Jardines, Laura Moreno, para comprobar \u00abin situ\u00bb c\u00f3mo ha quedado este parque tras la finalizaci\u00f3n de los trabajos de renovaci\u00f3n del caucho, la instalaci\u00f3n de un nueva zona multijuego y la construcci\u00f3n de un vallado perimetral.<\/p>\n\n\n\n<p>\u00abAdem\u00e1s de la renovaci\u00f3n del caucho, tal y como estamos haciendo en todos los parques del municipio, y de instalar un nuevo multijuego y balanc\u00edn, sin duda lo que m\u00e1s falta hac\u00eda era el per\u00edmetro de seguridad porque el parque se encuentra a pie de carretera y era muy importante que nuestros ni\u00f1os y ni\u00f1as est\u00e9n seguros en esta zona de Las Ca\u00f1adas\u00bb, afirma Moreno, quien ha subrayado c\u00f3mo \u00abestamos haciendo la modificaci\u00f3n de los per\u00edmetros de seguridad de muchos espacios que no lo ten\u00edan. Es absolutamente necesario que las zonas infantiles est\u00e9n acotadas para que todas las familias mije\u00f1as puedan disfrutarlas con total seguridad\u00bb.&nbsp;<\/p>\n\n\n\n<p>Cabe recordar que estas actuaciones se enmarcan dentro del Plan de mejoras de parques y jardines que el Consistorio mije\u00f1o lleva acometiendo desde hace dos a\u00f1os y que ha permitido la renovaci\u00f3n del caucho y otros elementos de diversos espacios infantiles as\u00ed como el vallado del parque El Barco de La Cala.<\/p>\n\n\n\n<p>En los \u00faltimos meses, tambi\u00e9n se han inaugurado nuevos espacios infantiles en el municipio como el de El Esparragal (Las Lagunas), Los Olivos (La Cala), Plaza Virgen de la Pe\u00f1a (Mijas Pueblo), as\u00ed como el reestreno tras su reforma integral del parque La Muralla situado en Mijas Pueblo.<\/p>\n","protected":false},"excerpt":{"rendered":"<p>Las actuaciones llevadas a cabo en este espacio infantil de Las Ca\u00f1adas se enmarcan dentro del plan de mejoras de parques y jardines del Consistorio mije\u00f1o Mijas, 15 de noviembre de 2021.- El parque Vicente Alexander, situado en el barrio de Las Ca\u00f1adas, luce imagen renovada. Hasta este espacio lagunero se ha desplazado esta ma\u00f1ana [&hellip;]<\/p>\n","protected":false},"author":9,"featured_media":44434,"comment_status":"closed","ping_status":"open","sticky":false,"template":"","format":"standard","meta":[],"categories":[1,19],"tags":[],"jetpack_featured_media_url":"https:\/\/www.mijas.es\/wp-content\/uploads\/2021\/11\/20211116-PARQUE-VICENTE-ALEXANDER.-LAURA-MORENO.jpeg","_links":{"self":[{"href":"https:\/\/www.mijas.es\/portal\/wp-json\/wp\/v2\/posts\/44438"}],"collection":[{"href":"https:\/\/www.mijas.es\/portal\/wp-json\/wp\/v2\/posts"}],"about":[{"href":"https:\/\/www.mijas.es\/portal\/wp-json\/wp\/v2\/types\/post"}],"author":[{"embeddable":true,"href":"https:\/\/www.mijas.es\/portal\/wp-json\/wp\/v2\/users\/9"}],"replies":[{"embeddable":true,"href":"https:\/\/www.mijas.es\/portal\/wp-json\/wp\/v2\/comments?post=44438"}],"version-history":[{"count":1,"href":"https:\/\/www.mijas.es\/portal\/wp-json\/wp\/v2\/posts\/44438\/revisions"}],"predecessor-version":[{"id":44439,"href":"https:\/\/www.mijas.es\/portal\/wp-json\/wp\/v2\/posts\/44438\/revisions\/44439"}],"wp:featuredmedia":[{"embeddable":true,"href":"https:\/\/www.mijas.es\/portal\/wp-json\/wp\/v2\/media\/44434"}],"wp:attachment":[{"href":"https:\/\/www.mijas.es\/portal\/wp-json\/wp\/v2\/media?parent=44438"}],"wp:term":[{"taxonomy":"category","embeddable":true,"href":"https:\/\/www.mijas.es\/portal\/wp-json\/wp\/v2\/categories?post=44438"},{"taxonomy":"post_tag","embeddable":true,"href":"https:\/\/www.mijas.es\/portal\/wp-json\/wp\/v2\/tags?post=44438"}],"curies":[{"name":"wp","href":"https:\/\/api.w.org\/{rel}","templated":true}]}}