{"id":44426,"date":"2021-11-16T11:37:29","date_gmt":"2021-11-16T10:37:29","guid":{"rendered":"https:\/\/www.mijas.es\/portal\/?p=44426"},"modified":"2021-11-16T11:37:31","modified_gmt":"2021-11-16T10:37:31","slug":"el-pintor-salvador-torres-acerca-a-la-casa-museo-de-mijas-una-exposicion-llena-de-luz-y-de-color","status":"publish","type":"post","link":"https:\/\/www.mijas.es\/portal\/el-pintor-salvador-torres-acerca-a-la-casa-museo-de-mijas-una-exposicion-llena-de-luz-y-de-color\/","title":{"rendered":"El pintor Salvador Torres acerca a la Casa Museo de Mijas una exposici\u00f3n llena de luz y de color"},"content":{"rendered":"\n<ul><li>Un total de 40 obras, donde predominan los paisajes y elementos marinos, componen esta muestra que podr\u00e1 visitarse hasta el pr\u00f3ximo 29 de noviembre<\/li><\/ul>\n\n\n\n<p><strong>Mijas, 15 de noviembre de 2021.-<\/strong> La Casa Museo de Mijas acoge hasta el pr\u00f3ximo 29 de noviembre una exposici\u00f3n de pintura del artista malague\u00f1o Salvador Torres. \u00abEs un pintor autodidacta que tiene pasi\u00f3n por la pintura desde temprana edad y que por circunstancias de la vida, ahora que tiene m\u00e1s tiempo, est\u00e1 dedicando ese espacio a realizar su sue\u00f1o. La mayor\u00eda de las pinturas que tenemos en esta exposici\u00f3n son marinas, desde barcos pasando por distintos espacios de nuestra provincia que tambi\u00e9n ha recreado con gran sentimiento\u00bb, detalla la edil de Cultura, Ver\u00f3nica Ensberg.<\/p>\n\n\n\n<p>En total, 40 obras trazadas con diferentes t\u00e9cnicas, desde el \u00f3leo, pasando por el acr\u00edlico o la esp\u00e1tula y que est\u00e1n llenas de \u00absentimiento, color, luz y amor\u00bb, como el propio Salvador Torres define. \u00abDesde siempre me ha gustado mucho la naturaleza y el mar. Algunas de esas pinturas son creativas y otras est\u00e1n inspiradas en libros o de aquello que guardo en mi propio m\u00f3vil\u00bb, a\u00f1ade.<\/p>\n\n\n\n<p>La primera vez que Salvador Torres expuso su obra fue en M\u00e1laga en 1997, donde present\u00f3 una selecci\u00f3n de pinturas marinas, bodegones o figuras. No obstante, reconoce que su pasi\u00f3n por la pintura comienza desde muy peque\u00f1o. \u00abYo ve\u00eda los cuadros y los murales de los sitios y me quedaba anodadado por los colores\u00bb, explica Torres, quien ha querido subrayar que es \u00abun pintor espont\u00e1neo, porque llevo dos o tres cuadros a la vez, comienzo con uno, luego empiezo otro, depende la inspiraci\u00f3n que tenga en ese momento sigo con uno u otro\u00bb.<\/p>\n\n\n\n<p>La exposici\u00f3n de Salvador Torres en la Casa Museo podr\u00e1 visitarse de lunes a domingo, de forma ininterrumpida de 10 a 18 horas.<\/p>\n","protected":false},"excerpt":{"rendered":"<p>Un total de 40 obras, donde predominan los paisajes y elementos marinos, componen esta muestra que podr\u00e1 visitarse hasta el pr\u00f3ximo 29 de noviembre Mijas, 15 de noviembre de 2021.- La Casa Museo de Mijas acoge hasta el pr\u00f3ximo 29 de noviembre una exposici\u00f3n de pintura del artista malague\u00f1o Salvador Torres. \u00abEs un pintor autodidacta [&hellip;]<\/p>\n","protected":false},"author":9,"featured_media":44420,"comment_status":"closed","ping_status":"open","sticky":false,"template":"","format":"standard","meta":[],"categories":[1,19],"tags":[],"jetpack_featured_media_url":"https:\/\/www.mijas.es\/wp-content\/uploads\/2021\/11\/20211115-EXPOSICION-SALVADOR-TORRES.-VERONICA-ENSBERG.jpeg","_links":{"self":[{"href":"https:\/\/www.mijas.es\/portal\/wp-json\/wp\/v2\/posts\/44426"}],"collection":[{"href":"https:\/\/www.mijas.es\/portal\/wp-json\/wp\/v2\/posts"}],"about":[{"href":"https:\/\/www.mijas.es\/portal\/wp-json\/wp\/v2\/types\/post"}],"author":[{"embeddable":true,"href":"https:\/\/www.mijas.es\/portal\/wp-json\/wp\/v2\/users\/9"}],"replies":[{"embeddable":true,"href":"https:\/\/www.mijas.es\/portal\/wp-json\/wp\/v2\/comments?post=44426"}],"version-history":[{"count":1,"href":"https:\/\/www.mijas.es\/portal\/wp-json\/wp\/v2\/posts\/44426\/revisions"}],"predecessor-version":[{"id":44427,"href":"https:\/\/www.mijas.es\/portal\/wp-json\/wp\/v2\/posts\/44426\/revisions\/44427"}],"wp:featuredmedia":[{"embeddable":true,"href":"https:\/\/www.mijas.es\/portal\/wp-json\/wp\/v2\/media\/44420"}],"wp:attachment":[{"href":"https:\/\/www.mijas.es\/portal\/wp-json\/wp\/v2\/media?parent=44426"}],"wp:term":[{"taxonomy":"category","embeddable":true,"href":"https:\/\/www.mijas.es\/portal\/wp-json\/wp\/v2\/categories?post=44426"},{"taxonomy":"post_tag","embeddable":true,"href":"https:\/\/www.mijas.es\/portal\/wp-json\/wp\/v2\/tags?post=44426"}],"curies":[{"name":"wp","href":"https:\/\/api.w.org\/{rel}","templated":true}]}}