{"id":44424,"date":"2021-11-16T11:36:50","date_gmt":"2021-11-16T10:36:50","guid":{"rendered":"https:\/\/www.mijas.es\/portal\/?p=44424"},"modified":"2021-11-16T11:36:52","modified_gmt":"2021-11-16T10:36:52","slug":"el-camino-de-coin-permanecera-cortado-al-trafico-parcialmente-los-dias-16-y-17-de-noviembre","status":"publish","type":"post","link":"https:\/\/www.mijas.es\/portal\/el-camino-de-coin-permanecera-cortado-al-trafico-parcialmente-los-dias-16-y-17-de-noviembre\/","title":{"rendered":"El Camino de Co\u00edn permanecer\u00e1 cortado al tr\u00e1fico parcialmente los d\u00edas 16 y 17 de noviembre"},"content":{"rendered":"\n<ul><li>Este vial estar\u00e1 cerrado desde la glorieta V\u00edctimas del Terrorismo sentido Fuengirola, el martes de 12 a 18 horas y el mi\u00e9rcoles de 8 a 18 horas, con motivo de la finalizaci\u00f3n de las obras de una nueva rotonda<\/li><\/ul>\n\n\n\n<p><strong>Mijas, 15 de noviembre de 2021.-<\/strong> El concejal de Tr\u00e1fico, Nicolas Cruz, ha anunciado esta ma\u00f1ana que el Camino de Co\u00edn permanecer\u00e1 cortado al tr\u00e1fico parcialmente los d\u00edas 16 y 17 de noviembre. As\u00ed, estar\u00e1 prohibido el acceso a este vial, el martes de 12 a 18 horas y el mi\u00e9rcoles de 8 a 18 horas, desde la glorieta V\u00edctimas del Terrorismo hasta la altura de la intersecci\u00f3n con calle R\u00edo Padr\u00f3n y calle Almu\u00f1\u00e9car en sentido Fuengirola.<\/p>\n\n\n\n<p>Seg\u00fan ha apuntado Cruz, este corte se producir\u00e1 con motivo de la finalizaci\u00f3n de las obras de la nueva rotonda que se est\u00e1 construyendo en el Camino de Co\u00edn. Solo se permitir\u00e1 el acceso a los veh\u00edculos de suministros y aprovisionamiento al Pol\u00edgono La Vega \u00aby a clientes y veh\u00edculos de suministros del centro comercial all\u00ed existente, el cual facilitar\u00e1 tareas de organizaci\u00f3n del tr\u00e1fico junto a operarios de la empresa que est\u00e1 ejecutando las obras de la rotonda y agentes de la Polic\u00eda Local de Mijas. Tambi\u00e9n se instalar\u00e1n se\u00f1ales de regulaci\u00f3n provisional para informar de este corte\u00bb, a\u00f1ade.<\/p>\n\n\n\n<p>Por \u00faltimo, desde Tr\u00e1fico aconsejan a vecinos y visitantes que utilicen como v\u00edas alternativas el Pol\u00edgono San Rafael o Avenida de Andaluc\u00eda y piden disculpas \u00abpor las molestias que esta obra, muy importante desde el punto de vista de la circulaci\u00f3n y el tr\u00e1fico en el entorno, pueda ocasionar\u00bb.<\/p>\n","protected":false},"excerpt":{"rendered":"<p>Este vial estar\u00e1 cerrado desde la glorieta V\u00edctimas del Terrorismo sentido Fuengirola, el martes de 12 a 18 horas y el mi\u00e9rcoles de 8 a 18 horas, con motivo de la finalizaci\u00f3n de las obras de una nueva rotonda Mijas, 15 de noviembre de 2021.- El concejal de Tr\u00e1fico, Nicolas Cruz, ha anunciado esta ma\u00f1ana [&hellip;]<\/p>\n","protected":false},"author":9,"featured_media":0,"comment_status":"closed","ping_status":"open","sticky":false,"template":"","format":"standard","meta":[],"categories":[1,19],"tags":[],"jetpack_featured_media_url":"","_links":{"self":[{"href":"https:\/\/www.mijas.es\/portal\/wp-json\/wp\/v2\/posts\/44424"}],"collection":[{"href":"https:\/\/www.mijas.es\/portal\/wp-json\/wp\/v2\/posts"}],"about":[{"href":"https:\/\/www.mijas.es\/portal\/wp-json\/wp\/v2\/types\/post"}],"author":[{"embeddable":true,"href":"https:\/\/www.mijas.es\/portal\/wp-json\/wp\/v2\/users\/9"}],"replies":[{"embeddable":true,"href":"https:\/\/www.mijas.es\/portal\/wp-json\/wp\/v2\/comments?post=44424"}],"version-history":[{"count":1,"href":"https:\/\/www.mijas.es\/portal\/wp-json\/wp\/v2\/posts\/44424\/revisions"}],"predecessor-version":[{"id":44425,"href":"https:\/\/www.mijas.es\/portal\/wp-json\/wp\/v2\/posts\/44424\/revisions\/44425"}],"wp:attachment":[{"href":"https:\/\/www.mijas.es\/portal\/wp-json\/wp\/v2\/media?parent=44424"}],"wp:term":[{"taxonomy":"category","embeddable":true,"href":"https:\/\/www.mijas.es\/portal\/wp-json\/wp\/v2\/categories?post=44424"},{"taxonomy":"post_tag","embeddable":true,"href":"https:\/\/www.mijas.es\/portal\/wp-json\/wp\/v2\/tags?post=44424"}],"curies":[{"name":"wp","href":"https:\/\/api.w.org\/{rel}","templated":true}]}}