{"id":44422,"date":"2021-11-16T11:36:01","date_gmt":"2021-11-16T10:36:01","guid":{"rendered":"https:\/\/www.mijas.es\/portal\/?p=44422"},"modified":"2021-11-16T11:36:15","modified_gmt":"2021-11-16T10:36:15","slug":"sale-a-licitacion-la-ejecucion-de-la-remodelacion-del-enlace-de-la-a7-y-la-calle-bobadilla-en-las-lagunas","status":"publish","type":"post","link":"https:\/\/www.mijas.es\/portal\/sale-a-licitacion-la-ejecucion-de-la-remodelacion-del-enlace-de-la-a7-y-la-calle-bobadilla-en-las-lagunas\/","title":{"rendered":"Sale a licitaci\u00f3n la ejecuci\u00f3n de la remodelaci\u00f3n del enlace de la A7 y la calle Bobadilla en Las Lagunas"},"content":{"rendered":"\n<ul><li>El edil de Obras e Infraestructuras, Jos\u00e9 Carlos Mart\u00edn, y el concejal de\u00a0 Contrataci\u00f3n, Roy P\u00e9rez, han anunciado que esta actuaci\u00f3n tambi\u00e9n cuenta con la mejora del carril de desaceleraci\u00f3n de la autov\u00eda en su entrada a la Avenida de Mijas<\/li><\/ul>\n\n\n\n<p><strong>Mijas, 15 de noviembre de 2021.-<\/strong> El edil de Obras e Infraestructuras, Jos\u00e9 Carlos Mart\u00edn, y el concejal de Contrataci\u00f3n, Roy P\u00e9rez, han anunciado esta ma\u00f1ana que ha salido a licitaci\u00f3n la ejecuci\u00f3n de las obras de remodelaci\u00f3n del enlace de la autov\u00eda A7 y la calle Bobadilla en Las Lagunas. Este vial se encuentra en la perpendicular de la calle San Javier, al lado del Centro de Salud&nbsp;&nbsp; n.b&nbsp;&nbsp; NN \u00abEl sentido de esta actuaci\u00f3n es eliminar ese fondo de saco que ten\u00edan esas dos calles y que imped\u00edan que el transito de veh\u00edculos pudiera llevarse a cabo con una circulaci\u00f3n normal. Llevamos ya 3 a\u00f1os trabajando con este proyecto pues hemos necesitado la autorizaci\u00f3n de Carreteras\u00bb, apunta Mart\u00edn.<\/p>\n\n\n\n<p>Por su parte, P\u00e9rez ha destacado que \u00abse trata de una licitaci\u00f3n de 600.000 euros con un plazo de ejecuci\u00f3n estimado en 120 d\u00edas, y aprovechamos para invitar a todas aquellas empresas a que se presenten y tienen hasta el d\u00eda 7 de diciembre y lo pueden hacer a trav\u00e9s de la plataforma de contrataci\u00f3n del Estado. Es una forma de generar empleo para el Ayuntamiento y tambi\u00e9n de rehabilitar una de esas zonas que est\u00e1n poco actualizadas y con esta actuaci\u00f3n van a dinamizar la zona\u00bb.<\/p>\n\n\n\n<p>As\u00ed pues, la ejecuci\u00f3n va a contar con la renovaci\u00f3n de toda la pavimentaci\u00f3n de la calle Bobadilla, pero adem\u00e1s, el carril de desaceleraci\u00f3n en su entrada a la rotonda conocida como la Ford, se va a dividir en dos ramales, uno directo a la avenida de Mijas y otro de acceso a la glorieta. \u00abCon este nuevo ramal se permite el tr\u00e1nsito directo a la avenida de Mijas sin esperar cola para todo el resto de veh\u00edculos que va o vienen a coger la rotonda para la zona este de Las Laguna o incorporarse a la autov\u00eda\u00bb, a\u00f1ade Mart\u00edn. Asimismo, esta actuaci\u00f3n difiere del resto de remodelaciones integrales ya que necesita mayor estructuras de muros a causa de la ampliaci\u00f3n de la zona pues se tiene que contener todas las tierras del nuevo carril de la autov\u00eda.<\/p>\n\n\n\n<p>En definitiva, si todo procede con normalidad y sin problemas administrativos, una vez adjudicado los trabajos, la obra podr\u00eda comenzar a principios del a\u00f1o que entra, ya que se trata de una ubicaci\u00f3n que no genera problemas a la hora de su ejecuci\u00f3n.<\/p>\n","protected":false},"excerpt":{"rendered":"<p>El edil de Obras e Infraestructuras, Jos\u00e9 Carlos Mart\u00edn, y el concejal de\u00a0 Contrataci\u00f3n, Roy P\u00e9rez, han anunciado que esta actuaci\u00f3n tambi\u00e9n cuenta con la mejora del carril de desaceleraci\u00f3n de la autov\u00eda en su entrada a la Avenida de Mijas Mijas, 15 de noviembre de 2021.- El edil de Obras e Infraestructuras, Jos\u00e9 Carlos [&hellip;]<\/p>\n","protected":false},"author":9,"featured_media":44421,"comment_status":"closed","ping_status":"open","sticky":false,"template":"","format":"standard","meta":[],"categories":[1,19],"tags":[],"jetpack_featured_media_url":"https:\/\/www.mijas.es\/wp-content\/uploads\/2021\/11\/20211115-LICITACION-CALLE-BOBADILLA-Y-A7-.jpeg","_links":{"self":[{"href":"https:\/\/www.mijas.es\/portal\/wp-json\/wp\/v2\/posts\/44422"}],"collection":[{"href":"https:\/\/www.mijas.es\/portal\/wp-json\/wp\/v2\/posts"}],"about":[{"href":"https:\/\/www.mijas.es\/portal\/wp-json\/wp\/v2\/types\/post"}],"author":[{"embeddable":true,"href":"https:\/\/www.mijas.es\/portal\/wp-json\/wp\/v2\/users\/9"}],"replies":[{"embeddable":true,"href":"https:\/\/www.mijas.es\/portal\/wp-json\/wp\/v2\/comments?post=44422"}],"version-history":[{"count":1,"href":"https:\/\/www.mijas.es\/portal\/wp-json\/wp\/v2\/posts\/44422\/revisions"}],"predecessor-version":[{"id":44423,"href":"https:\/\/www.mijas.es\/portal\/wp-json\/wp\/v2\/posts\/44422\/revisions\/44423"}],"wp:featuredmedia":[{"embeddable":true,"href":"https:\/\/www.mijas.es\/portal\/wp-json\/wp\/v2\/media\/44421"}],"wp:attachment":[{"href":"https:\/\/www.mijas.es\/portal\/wp-json\/wp\/v2\/media?parent=44422"}],"wp:term":[{"taxonomy":"category","embeddable":true,"href":"https:\/\/www.mijas.es\/portal\/wp-json\/wp\/v2\/categories?post=44422"},{"taxonomy":"post_tag","embeddable":true,"href":"https:\/\/www.mijas.es\/portal\/wp-json\/wp\/v2\/tags?post=44422"}],"curies":[{"name":"wp","href":"https:\/\/api.w.org\/{rel}","templated":true}]}}