{"id":44412,"date":"2021-11-15T11:21:07","date_gmt":"2021-11-15T10:21:07","guid":{"rendered":"https:\/\/www.mijas.es\/portal\/?p=44412"},"modified":"2021-11-15T11:21:09","modified_gmt":"2021-11-15T10:21:09","slug":"mijas-otorga-250-nuevas-licencias-de-apertura-durante-2021","status":"publish","type":"post","link":"https:\/\/www.mijas.es\/portal\/mijas-otorga-250-nuevas-licencias-de-apertura-durante-2021\/","title":{"rendered":"Mijas otorga 250 nuevas licencias de apertura durante 2021"},"content":{"rendered":"\n<ul><li>El municipio va recuper\u00e1ndose a buen ritmo de la crisis sanitaria, econ\u00f3mica y social con la puesta en marcha de negocios que generan puestos de trabajo<\/li><\/ul>\n\n\n\n<p><strong>Mijas, 12 de noviembre de 2021.-<\/strong> El Teniente Alcalde de Las Lagunas, Jos\u00e9 Carlos Mart\u00edn, y edil de Industria, Andr\u00e9s Ruiz han asistido esta ma\u00f1ana a la inauguraci\u00f3n de una nueva l\u00ednea de negocio en Mijas bajo la marca de Nessen Interiorismo donde ha acudido tambi\u00e9n la instagramer Tania Borg experta en estilo de vida saludable y alimentaci\u00f3n sana. \u00abAbre sus puertas un nuevo proyecto en nuestra ciudad muestra de la confianza de los&nbsp; inversores en la misma. Los datos hasta el momento de este 2021 arrojan un total de 250 nuevas licencias de apertura, especialmente en el sector de la alimentaci\u00f3n, restaurantes y gimnasios\u00bb, asegura Ruiz quien valora positivamente \u00abestas cifras especialmente tras los momentos tan dif\u00edciles que hemos vivido con la crisis sanitaria, econ\u00f3mica y social\u00bb.<\/p>\n\n\n\n<p>As\u00ed pues, la presencia de Borg, ha ayudado tambi\u00e9n a la promoci\u00f3n de la localidad dada su proyecci\u00f3n internacional con m\u00e1s de 398.000 seguidores.<\/p>\n\n\n\n<p>Por otra parte, este tipo de negocios que van apostando por la ciudad generan nuevos puestos de trabajo que ocupan mije\u00f1os, aportando a la ciudad m\u00e1s ofertas laborales. \u00abGracias a la celeridad con la que pusimos en marcha el &#8216;Plan Orea&#8217; con una dotaci\u00f3n de 12 millones de euros ya hemos abonado esa cantidad a 3.528 pymes y aut\u00f3nomos lo que ha dado aire en los pulmones del tejido empresarial mije\u00f1o y que ahora se ve tambi\u00e9n reflejado en la recuperaci\u00f3n econ\u00f3mica\u00bb, concluye Ruiz.<\/p>\n","protected":false},"excerpt":{"rendered":"<p>El municipio va recuper\u00e1ndose a buen ritmo de la crisis sanitaria, econ\u00f3mica y social con la puesta en marcha de negocios que generan puestos de trabajo Mijas, 12 de noviembre de 2021.- El Teniente Alcalde de Las Lagunas, Jos\u00e9 Carlos Mart\u00edn, y edil de Industria, Andr\u00e9s Ruiz han asistido esta ma\u00f1ana a la inauguraci\u00f3n de [&hellip;]<\/p>\n","protected":false},"author":9,"featured_media":44404,"comment_status":"closed","ping_status":"open","sticky":false,"template":"","format":"standard","meta":[],"categories":[1,19],"tags":[],"jetpack_featured_media_url":"https:\/\/www.mijas.es\/wp-content\/uploads\/2021\/11\/20211112-NUEVAS-LICENCIAS-APERTURA.-ANDRES-RUIZ-Y-JOSE-CARLOS-MARTIN.jpeg","_links":{"self":[{"href":"https:\/\/www.mijas.es\/portal\/wp-json\/wp\/v2\/posts\/44412"}],"collection":[{"href":"https:\/\/www.mijas.es\/portal\/wp-json\/wp\/v2\/posts"}],"about":[{"href":"https:\/\/www.mijas.es\/portal\/wp-json\/wp\/v2\/types\/post"}],"author":[{"embeddable":true,"href":"https:\/\/www.mijas.es\/portal\/wp-json\/wp\/v2\/users\/9"}],"replies":[{"embeddable":true,"href":"https:\/\/www.mijas.es\/portal\/wp-json\/wp\/v2\/comments?post=44412"}],"version-history":[{"count":1,"href":"https:\/\/www.mijas.es\/portal\/wp-json\/wp\/v2\/posts\/44412\/revisions"}],"predecessor-version":[{"id":44413,"href":"https:\/\/www.mijas.es\/portal\/wp-json\/wp\/v2\/posts\/44412\/revisions\/44413"}],"wp:featuredmedia":[{"embeddable":true,"href":"https:\/\/www.mijas.es\/portal\/wp-json\/wp\/v2\/media\/44404"}],"wp:attachment":[{"href":"https:\/\/www.mijas.es\/portal\/wp-json\/wp\/v2\/media?parent=44412"}],"wp:term":[{"taxonomy":"category","embeddable":true,"href":"https:\/\/www.mijas.es\/portal\/wp-json\/wp\/v2\/categories?post=44412"},{"taxonomy":"post_tag","embeddable":true,"href":"https:\/\/www.mijas.es\/portal\/wp-json\/wp\/v2\/tags?post=44412"}],"curies":[{"name":"wp","href":"https:\/\/api.w.org\/{rel}","templated":true}]}}