{"id":44408,"date":"2021-11-15T11:18:59","date_gmt":"2021-11-15T10:18:59","guid":{"rendered":"https:\/\/www.mijas.es\/portal\/?p=44408"},"modified":"2021-11-15T11:19:01","modified_gmt":"2021-11-15T10:19:01","slug":"mijas-secrets-acoge-nuevas-rutas-para-ofrecer-a-los-residentes-extranjeros-en-los-meses-de-noviembre-y-diciembre","status":"publish","type":"post","link":"https:\/\/www.mijas.es\/portal\/mijas-secrets-acoge-nuevas-rutas-para-ofrecer-a-los-residentes-extranjeros-en-los-meses-de-noviembre-y-diciembre\/","title":{"rendered":"Mijas Secrets acoge nuevas rutas para ofrecer a los residentes extranjeros en los meses de noviembre y diciembre"},"content":{"rendered":"\n<ul><li>La edil de Extranjeros, Arancha L\u00f3pez, ha presentado esta ma\u00f1ana las novedades del programa en las que destaca un &#8216;foto-tour&#8217; por Mijas Pueblo, un taller de artesan\u00eda de taracea y una ruta navide\u00f1a, adem\u00e1s de la demandada &#8216;Mijas Memories&#8217;<\/li><\/ul>\n\n\n\n<p><strong>Mijas, 12 de noviembre de 2021.-<\/strong> La edil de Extranjeros, Arancha L\u00f3pez, ha presentado esta ma\u00f1ana el nuevo programa de rutas de Mijas Secrets para las pr\u00f3ximas semanas. Por tanto, durante los meses de noviembre y diciembre, los residentes extranjeros del municipio van a poder disfrutar de nuevos itinerarios culturales, hist\u00f3ricos y gastron\u00f3micos&nbsp; en Mijas Pueblo en diversos idiomas. \u00abEl programa est\u00e1 teniendo mucho \u00e9xito y mucha demanda. Tratamos siempre de seguir innovando y escuchando a los residentes extranjeros para saber qu\u00e9 les gustar\u00eda conocer sobre nuestro municipio, por ello, seguimos trabajando en este tipo de actividades\u00bb, apunta la concejala.<\/p>\n\n\n\n<p>Por su parte, una de las organizadoras de estas rutas, Sandra Gallardo, ha destacado que \u00abestamos muy contentos de poder seguir con nuestra propuesta de visitas guiadas y actividades para los residentes de Mijas, y desde el principio, nos pareci\u00f3 muy importante implicar a la gente del pueblo y al comercio local porque, no es solo ense\u00f1ar el patrimonio sino dar a conocer y poner en valor lo que es el comercio local, los artesanos y los productores locales\u00bb.<\/p>\n\n\n\n<p>As\u00ed pues, el departamento ha ofrecido algunas novedades con respecto al programa con cuatro rutas, siendo la m\u00e1s demanda de todas la de &#8216;Mijas Memories&#8217; que se llevar\u00e1 a cabo el pr\u00f3ximo 14 de noviembre. Asimismo, el d\u00eda 20 del mismo mes, tendr\u00eda lugar el taller de artesanos, en este caso la tem\u00e1tica ser\u00e1 la taracea, el 26 se desarrollar\u00e1 un &#8216;foto-tour&#8217; por el pueblo y por \u00faltimo, los d\u00edas 12 y 19 de diciembre podr\u00e1n disfrutar de una ruta navide\u00f1a donde tendr\u00e1n la oportunidad de degustar los dulces m\u00e1s t\u00edpicos de la localidad en esta \u00e9poca.<\/p>\n\n\n\n<p>En este sentido, durante las jornadas guiadas, los participantes van a contar con la experiencia de Carlos Hevilla, un gu\u00eda tur\u00edstico que ofrecer\u00e1 tambi\u00e9n nociones de fotograf\u00eda para que puedan captar con sus tel\u00e9fonos m\u00f3viles o c\u00e1maras los mejores recuerdos del municipio. \u00abA m\u00ed me gusta combinar la actualidad con pinceladas de la historia de Mijas pero a la vez, que cada uno pueda observar Mijas Pueblo desde un punto diferente, a trav\u00e9s de su dispositivo m\u00f3vil y con peque\u00f1as herramientas que vamos a emplear para que se lleven el mejor de los recuerdos\u00bb, a\u00f1ade Hevilla.<\/p>\n\n\n\n<p>En definitiva, se trata de una inmersi\u00f3n en el n\u00facleo mije\u00f1o de una forma muy especial, por lo que los interesados pueden obtener mayor informaci\u00f3n y realizar las reservas mediante los tel\u00e9fonos 678 155 553 y 686 454 717, o a trav\u00e9s del correo electr\u00f3nico mijassecrets@gmail.com. \u00abDesde aqu\u00ed queremos invitar a todos a que participen para conocer m\u00e1s nuestro municipio ya que Mijas es una ciudad muy rica en cuanto a nacionalidades diversas, mucha historia, mucha cultura y muy buena gastronom\u00eda, por lo que todos los residentes extranjeros la tienen que conocer y disfrutar de ella\u00bb, concluya L\u00f3pez.<\/p>\n","protected":false},"excerpt":{"rendered":"<p>La edil de Extranjeros, Arancha L\u00f3pez, ha presentado esta ma\u00f1ana las novedades del programa en las que destaca un &#8216;foto-tour&#8217; por Mijas Pueblo, un taller de artesan\u00eda de taracea y una ruta navide\u00f1a, adem\u00e1s de la demandada &#8216;Mijas Memories&#8217; Mijas, 12 de noviembre de 2021.- La edil de Extranjeros, Arancha L\u00f3pez, ha presentado esta ma\u00f1ana [&hellip;]<\/p>\n","protected":false},"author":9,"featured_media":44403,"comment_status":"closed","ping_status":"open","sticky":false,"template":"","format":"standard","meta":[],"categories":[1,19],"tags":[],"jetpack_featured_media_url":"https:\/\/www.mijas.es\/wp-content\/uploads\/2021\/11\/20211112-MIJAS-SECRETS-NUEVAS-RUTAS.-ARANCHA-LOPEZ.jpeg","_links":{"self":[{"href":"https:\/\/www.mijas.es\/portal\/wp-json\/wp\/v2\/posts\/44408"}],"collection":[{"href":"https:\/\/www.mijas.es\/portal\/wp-json\/wp\/v2\/posts"}],"about":[{"href":"https:\/\/www.mijas.es\/portal\/wp-json\/wp\/v2\/types\/post"}],"author":[{"embeddable":true,"href":"https:\/\/www.mijas.es\/portal\/wp-json\/wp\/v2\/users\/9"}],"replies":[{"embeddable":true,"href":"https:\/\/www.mijas.es\/portal\/wp-json\/wp\/v2\/comments?post=44408"}],"version-history":[{"count":1,"href":"https:\/\/www.mijas.es\/portal\/wp-json\/wp\/v2\/posts\/44408\/revisions"}],"predecessor-version":[{"id":44409,"href":"https:\/\/www.mijas.es\/portal\/wp-json\/wp\/v2\/posts\/44408\/revisions\/44409"}],"wp:featuredmedia":[{"embeddable":true,"href":"https:\/\/www.mijas.es\/portal\/wp-json\/wp\/v2\/media\/44403"}],"wp:attachment":[{"href":"https:\/\/www.mijas.es\/portal\/wp-json\/wp\/v2\/media?parent=44408"}],"wp:term":[{"taxonomy":"category","embeddable":true,"href":"https:\/\/www.mijas.es\/portal\/wp-json\/wp\/v2\/categories?post=44408"},{"taxonomy":"post_tag","embeddable":true,"href":"https:\/\/www.mijas.es\/portal\/wp-json\/wp\/v2\/tags?post=44408"}],"curies":[{"name":"wp","href":"https:\/\/api.w.org\/{rel}","templated":true}]}}