{"id":44406,"date":"2021-11-15T11:18:16","date_gmt":"2021-11-15T10:18:16","guid":{"rendered":"https:\/\/www.mijas.es\/portal\/?p=44406"},"modified":"2021-11-15T11:18:18","modified_gmt":"2021-11-15T10:18:18","slug":"los-mayores-de-mijas-aprenderan-a-manejar-las-nuevas-tecnologias-en-un-nuevo-taller","status":"publish","type":"post","link":"https:\/\/www.mijas.es\/portal\/los-mayores-de-mijas-aprenderan-a-manejar-las-nuevas-tecnologias-en-un-nuevo-taller\/","title":{"rendered":"Los mayores de Mijas aprender\u00e1n a manejar las nuevas tecnolog\u00edas en un nuevo taller"},"content":{"rendered":"\n<ul><li>Ense\u00f1ar el funcionamiento del tel\u00e9fono m\u00f3vil, la tablet o hacer gestiones onlines son algunos de los contenidos de este curso cuyas inscripciones ya est\u00e1n abiertas<\/li><\/ul>\n\n\n\n<p><strong>Mijas, 12 de octubre de 2021.-<\/strong> La concejala de Tercera Edad, Tamara Vera, ha anunciado que ya est\u00e1 abierto el plazo de inscripciones para un nuevo taller del \u00e1rea, concretamente el de aprendizaje a las nuevas tecnolog\u00edas. \u00abEn esta pandemia en la que las nuevas tecnolog\u00edas han estado muy presentes, nuestros mayores no quieren quedarse atr\u00e1s. Con este nuevo taller van a aprender a c\u00f3mo utilizar el tel\u00e9fono m\u00f3vil, tablet, incluso c\u00f3mo hacer gestiones por el cajero o por la p\u00e1gina web de nuestro ayuntamiento. Se trata de un taller muy demandado por nuestros mayores\u00bb, asegura Vera.<\/p>\n\n\n\n<p>En este sentido, el \u00e1rea de Tercera Edad ha ido implementado en su calendario talleres que los propios usuarios han ido reclamando en estos d\u00edas. \u00abNos gustan que ellos sean part\u00edcipe de la programaci\u00f3n que por parte del departamento llevamos a cabo. Igual que este taller parte de la iniciativa de nuestros mayores, tambi\u00e9n lo fue el de risoterapia, novedoso por parte del departamento, y que hemos empezado esta semana con muy buen resultado\u00bb, expone la edil, quien ha a\u00f1adido que todas estas actividades buscan \u00abque nuestros mayores disfruten y as\u00ed podamos volver a ver esa gran vida en los hogares del jubilado\u00bb.<\/p>\n\n\n\n<p>Las personas interesadas en disfrutar de este taller pueden formalizar su inscripci\u00f3n en cualquiera de las tres dependencias del \u00e1rea de Tercera Edad, ya sea en Mijas Pueblo, Las Lagunas o La Cala. Desde el \u00e1rea de Tercera Edad recuerdan que tambi\u00e9n siguen abiertas las inscripciones para el taller de risoterapia o el de memoria, este \u00faltimo el gran favorito de los mayores del municipio, y que en la actualidad cuenta con 85 usuarios repartidos entre los centros de Mijas Pueblo, Las Lagunas, La Cala y, como novedad este a\u00f1o, el Centro C\u00edvico de Las Ca\u00f1adas.&nbsp;<\/p>\n","protected":false},"excerpt":{"rendered":"<p>Ense\u00f1ar el funcionamiento del tel\u00e9fono m\u00f3vil, la tablet o hacer gestiones onlines son algunos de los contenidos de este curso cuyas inscripciones ya est\u00e1n abiertas Mijas, 12 de octubre de 2021.- La concejala de Tercera Edad, Tamara Vera, ha anunciado que ya est\u00e1 abierto el plazo de inscripciones para un nuevo taller del \u00e1rea, concretamente [&hellip;]<\/p>\n","protected":false},"author":9,"featured_media":44405,"comment_status":"closed","ping_status":"open","sticky":false,"template":"","format":"standard","meta":[],"categories":[1,19],"tags":[],"jetpack_featured_media_url":"https:\/\/www.mijas.es\/wp-content\/uploads\/2021\/11\/20211112-TALLER-NUEVAS-TECNOLOGIAS.-TAMARA-VERA.jpeg","_links":{"self":[{"href":"https:\/\/www.mijas.es\/portal\/wp-json\/wp\/v2\/posts\/44406"}],"collection":[{"href":"https:\/\/www.mijas.es\/portal\/wp-json\/wp\/v2\/posts"}],"about":[{"href":"https:\/\/www.mijas.es\/portal\/wp-json\/wp\/v2\/types\/post"}],"author":[{"embeddable":true,"href":"https:\/\/www.mijas.es\/portal\/wp-json\/wp\/v2\/users\/9"}],"replies":[{"embeddable":true,"href":"https:\/\/www.mijas.es\/portal\/wp-json\/wp\/v2\/comments?post=44406"}],"version-history":[{"count":1,"href":"https:\/\/www.mijas.es\/portal\/wp-json\/wp\/v2\/posts\/44406\/revisions"}],"predecessor-version":[{"id":44407,"href":"https:\/\/www.mijas.es\/portal\/wp-json\/wp\/v2\/posts\/44406\/revisions\/44407"}],"wp:featuredmedia":[{"embeddable":true,"href":"https:\/\/www.mijas.es\/portal\/wp-json\/wp\/v2\/media\/44405"}],"wp:attachment":[{"href":"https:\/\/www.mijas.es\/portal\/wp-json\/wp\/v2\/media?parent=44406"}],"wp:term":[{"taxonomy":"category","embeddable":true,"href":"https:\/\/www.mijas.es\/portal\/wp-json\/wp\/v2\/categories?post=44406"},{"taxonomy":"post_tag","embeddable":true,"href":"https:\/\/www.mijas.es\/portal\/wp-json\/wp\/v2\/tags?post=44406"}],"curies":[{"name":"wp","href":"https:\/\/api.w.org\/{rel}","templated":true}]}}