{"id":44393,"date":"2021-11-12T12:09:57","date_gmt":"2021-11-12T11:09:57","guid":{"rendered":"https:\/\/www.mijas.es\/portal\/?p=44393"},"modified":"2021-11-12T12:10:01","modified_gmt":"2021-11-12T11:10:01","slug":"ayuntamiento-y-mancomunidad-se-reunen-para-buscar-sinergias-y-colaboracion-para-mejorar-el-litoral-mijeno","status":"publish","type":"post","link":"https:\/\/www.mijas.es\/portal\/ayuntamiento-y-mancomunidad-se-reunen-para-buscar-sinergias-y-colaboracion-para-mejorar-el-litoral-mijeno\/","title":{"rendered":"Ayuntamiento y Mancomunidad se re\u00fanen para buscar sinergias y colaboraci\u00f3n para mejorar el litoral mije\u00f1o"},"content":{"rendered":"\n<ul><li>El concejal de Infraestructuras y Playas en Mijas, Jos\u00e9 Carlos Mart\u00edn, ha mantenido una reuni\u00f3n con el delegado de Playas de la Mancomunidad de Municipios de la Costa del Sol Occidental, Luis Rodr\u00edguez del Pozo, para buscar, entre ambos, soluci\u00f3n a problemas como la alga invasora y los residuos y natas del agua<\/li><\/ul>\n\n\n\n<p><strong>Mijas, 11 de noviembre de 2021.-<\/strong> El concejal de Infraestructuras y Playas en Mijas, Jos\u00e9 Carlos Mart\u00edn, ha mantenido una reuni\u00f3n con el delegado de Playas de la Mancomunidad de Municipios de la Costa del Sol Occidental, Luis Rodr\u00edguez del Pozo, para buscar, entre ambos, soluci\u00f3n a los problemas que en esta materia est\u00e1n afectando al litoral mije\u00f1o. \u201cLe he trasladado dos necesidades importantes para mantener nuestra excelencia en la costa, por un lado para conservar en perfecto estado&nbsp; nuestro entorno natural y, por otro, porque no podemos olvidar que vivimos del turismo y es precisamente ese valor a\u00f1adido lo que hace que recibamos cada a\u00f1o miles de visitantes buscando nuestro segmento de \u2018sol y playa\u2019\u201d, asegura el edil.<\/p>\n\n\n\n<p>En este sentido, Mart\u00edn ha relatado una de las necesidades importantes para combatir unidos todos los municipios costeros y, evidentemente, desde el ente supramunicipal, como es la lucha contra el alga asi\u00e1tica invasora \u2018Rugulopteryx okamurae\u2019 que amenaza seriamente la supervivencia del ecosistema marino mediterr\u00e1neo. Asimismo, cabe destacar que el Ayuntamiento de Mijas se ha adherido al \u2018Foro Alga Invasora\u2019 con el objetivo de proteger el patrimonio natural y aut\u00f3ctono marino. El Instituto de Biotecnolog\u00eda y Desarrollo Azul-IBYDA de la Universidad de M\u00e1laga, el Campus de Excelencia Internacional Global del Mar, el Instituto Espa\u00f1ol de Oceanograf\u00eda, el Cl\u00faster Marino-Mar\u00edtimo de Andaluc\u00eda, la C\u00e1tedra de Ciencias del Litoral de la Universidad de M\u00e1laga y la asociaci\u00f3n Equilibrio Marino constituyen este foro.<\/p>\n\n\n\n<p>Por otra parte, Mart\u00edn le ha trasladado al delegado de la Mancomunidad la importancia que tiene poner en marcha de nuevo el barco quitanatas para la mejora de la calidad de las aguas retirando del mar los s\u00f3lidos flotantes, natas e hidrocarburos, as\u00ed como la preservaci\u00f3n y limpieza de las aguas litorales. \u201cPara el pr\u00f3ximo verano la Mancomunidad va a poner en marcha este servicio despu\u00e9s de dos temporadas sin ejecutarlo. Es necesario que exista este tipo de herramientas para que todos los municipios mantengamos la calidad de nuestras aguas\u201d, concluye el edil mije\u00f1o quien ha agradecido la predisposici\u00f3n y el inter\u00e9s de del Pozo para trabajar juntos en la resoluci\u00f3n de los problemas de los ciudadanos.<\/p>\n","protected":false},"excerpt":{"rendered":"<p>El concejal de Infraestructuras y Playas en Mijas, Jos\u00e9 Carlos Mart\u00edn, ha mantenido una reuni\u00f3n con el delegado de Playas de la Mancomunidad de Municipios de la Costa del Sol Occidental, Luis Rodr\u00edguez del Pozo, para buscar, entre ambos, soluci\u00f3n a problemas como la alga invasora y los residuos y natas del agua Mijas, 11 [&hellip;]<\/p>\n","protected":false},"author":9,"featured_media":44382,"comment_status":"closed","ping_status":"open","sticky":false,"template":"","format":"standard","meta":[],"categories":[1,19],"tags":[],"jetpack_featured_media_url":"https:\/\/www.mijas.es\/wp-content\/uploads\/2021\/11\/20211111-PLAYAS.-JOSE-CARLOS-MARTIN.jpeg","_links":{"self":[{"href":"https:\/\/www.mijas.es\/portal\/wp-json\/wp\/v2\/posts\/44393"}],"collection":[{"href":"https:\/\/www.mijas.es\/portal\/wp-json\/wp\/v2\/posts"}],"about":[{"href":"https:\/\/www.mijas.es\/portal\/wp-json\/wp\/v2\/types\/post"}],"author":[{"embeddable":true,"href":"https:\/\/www.mijas.es\/portal\/wp-json\/wp\/v2\/users\/9"}],"replies":[{"embeddable":true,"href":"https:\/\/www.mijas.es\/portal\/wp-json\/wp\/v2\/comments?post=44393"}],"version-history":[{"count":1,"href":"https:\/\/www.mijas.es\/portal\/wp-json\/wp\/v2\/posts\/44393\/revisions"}],"predecessor-version":[{"id":44394,"href":"https:\/\/www.mijas.es\/portal\/wp-json\/wp\/v2\/posts\/44393\/revisions\/44394"}],"wp:featuredmedia":[{"embeddable":true,"href":"https:\/\/www.mijas.es\/portal\/wp-json\/wp\/v2\/media\/44382"}],"wp:attachment":[{"href":"https:\/\/www.mijas.es\/portal\/wp-json\/wp\/v2\/media?parent=44393"}],"wp:term":[{"taxonomy":"category","embeddable":true,"href":"https:\/\/www.mijas.es\/portal\/wp-json\/wp\/v2\/categories?post=44393"},{"taxonomy":"post_tag","embeddable":true,"href":"https:\/\/www.mijas.es\/portal\/wp-json\/wp\/v2\/tags?post=44393"}],"curies":[{"name":"wp","href":"https:\/\/api.w.org\/{rel}","templated":true}]}}