{"id":44389,"date":"2021-11-12T12:07:51","date_gmt":"2021-11-12T11:07:51","guid":{"rendered":"https:\/\/www.mijas.es\/portal\/?p=44389"},"modified":"2021-11-12T12:07:52","modified_gmt":"2021-11-12T11:07:52","slug":"mijas-acoge-un-ciclo-literario-con-la-presentacion-de-las-obras-de-autores-y-autoras","status":"publish","type":"post","link":"https:\/\/www.mijas.es\/portal\/mijas-acoge-un-ciclo-literario-con-la-presentacion-de-las-obras-de-autores-y-autoras\/","title":{"rendered":"Mijas acoge un ciclo literario con la presentaci\u00f3n de las obras de autores y autoras"},"content":{"rendered":"\n<ul><li>La Casa de la Cultura de Las Lagunas, la Biblioteca Municipal de Mijas Pueblo o el Centro Cultural de La Cala son algunos de los enclaves de esta actividad que se desarrollar\u00e1 del 17 de noviembre al 16 de diciembre<\/li><\/ul>\n\n\n\n<p><strong>Mijas, 11 de noviembre de 2021.-<\/strong> La concejala de Bibliotecas, Natalia Mart\u00ednez, ha presentado esta ma\u00f1ana el \u00abCiclo Literario en Mijas\u00bb, una serie de presentaciones de libros de autores y autoras locales y provinciales que se llevar\u00e1 a cabo del 17 de noviembre al 16 de diciembre en distintos enclaves del municipio.<\/p>\n\n\n\n<p>\u00abUn total de nueve autores y autoras locales y de la provincia van a poder tener la oportunidad de presentar sus libros y hacer esas firmas de libros que tanto anhelan tras estos meses de pandemia. Todas las presentaciones tendr\u00e1n lugar a las 18 horas y hemos querido abarcar al m\u00e1ximo p\u00fablico posible, por ello en la programaci\u00f3n se encuentra desde literatura infantil, juvenil, narrativa de adulto e incluso teatro, para que todos los amantes de la cultura y la literatura se vean reflejados en este ciclo\u00bb, afirma Mart\u00ednez, quien ha recalcado que \u00abmuchos autores y autoras ven en Mijas el sitio perfecto para difundir su literatura y queremos seguir trabajando porque as\u00ed sea en el pr\u00f3ximo a\u00f1o\u00bb.<\/p>\n\n\n\n<p>El ciclo dar\u00e1 comienzo el mi\u00e9rcoles 17 en la Biblioteca Municipal de Mijas Pueblo con la autora Patricia Garc\u00eda-Rojo, quien presentar\u00e1 sus obras &#8216;El asesino de Alfas&#8217;, &#8216;La c\u00e1mara del monarca&#8217; y &#8216;El duelo de sucesi\u00f3n&#8217;. Le sigue Alberto Arroyo, el 19 de noviembre, en el Centro Cultural de La Cala con sus obras &#8216;Entre tablas&#8217; y &#8216;De malague\u00f1as maneras&#8217;, dos libros de teatro \u00abque no tuvieron presentaci\u00f3n en su momento porque los saqu\u00e9 en medio de la pandemia. Espero hacer en Mijas una presentaci\u00f3n din\u00e1mica en la que el p\u00fablico pueda interactuar\u00bb, asegura este escritor que estudi\u00f3 teatro y que ya tiene cinco libros publicados.&nbsp;&nbsp;<\/p>\n\n\n\n<p>La programaci\u00f3n continuar\u00e1 con Carlos Caravias el 24 de noviembre en la Casa de la Cultura de Las Lagunas; y Myriam Roca el viernes 26 de noviembre en el Sal\u00f3n de Plenos del Ayuntamiento de Mijas. En diciembre, el ciclo se traslada en exclusiva a la Casa de la Cultura de Las Lagunas con Juan Carlos Toribio, el d\u00eda 1, Elio Irm\u00e4o el 3 de diciembre, \u00c1ngeles Arias el 10 de diciembre, Maite Vargas del Amo el 13 de diciembre y Antonio Est\u00e9vez Reyes el 16 de diciembre. Este \u00faltimo presentar\u00e1 &#8216;Cuando no existe el ma\u00f1ana&#8217;, su primera novela hist\u00f3rica que transcurre durante 27 a\u00f1os de la historia de Alemania. \u00abCuando me dieron la noticia de que cerraba el ciclo me hizo mucha ilusi\u00f3n, adem\u00e1s de que es la primera toma de contacto que tendr\u00e1 mi novela con mi gente de M\u00e1laga\u00bb, explica Est\u00e9vez.&nbsp;<\/p>\n\n\n\n<p>Todas las presentaciones tendr\u00e1n entrada libre hasta completar aforo.<\/p>\n","protected":false},"excerpt":{"rendered":"<p>La Casa de la Cultura de Las Lagunas, la Biblioteca Municipal de Mijas Pueblo o el Centro Cultural de La Cala son algunos de los enclaves de esta actividad que se desarrollar\u00e1 del 17 de noviembre al 16 de diciembre Mijas, 11 de noviembre de 2021.- La concejala de Bibliotecas, Natalia Mart\u00ednez, ha presentado esta [&hellip;]<\/p>\n","protected":false},"author":9,"featured_media":44380,"comment_status":"closed","ping_status":"open","sticky":false,"template":"","format":"standard","meta":[],"categories":[1,19],"tags":[],"jetpack_featured_media_url":"https:\/\/www.mijas.es\/wp-content\/uploads\/2021\/11\/20211111-BIBLIOTECAS.-NATALIA-MARTINEZ.jpeg","_links":{"self":[{"href":"https:\/\/www.mijas.es\/portal\/wp-json\/wp\/v2\/posts\/44389"}],"collection":[{"href":"https:\/\/www.mijas.es\/portal\/wp-json\/wp\/v2\/posts"}],"about":[{"href":"https:\/\/www.mijas.es\/portal\/wp-json\/wp\/v2\/types\/post"}],"author":[{"embeddable":true,"href":"https:\/\/www.mijas.es\/portal\/wp-json\/wp\/v2\/users\/9"}],"replies":[{"embeddable":true,"href":"https:\/\/www.mijas.es\/portal\/wp-json\/wp\/v2\/comments?post=44389"}],"version-history":[{"count":1,"href":"https:\/\/www.mijas.es\/portal\/wp-json\/wp\/v2\/posts\/44389\/revisions"}],"predecessor-version":[{"id":44390,"href":"https:\/\/www.mijas.es\/portal\/wp-json\/wp\/v2\/posts\/44389\/revisions\/44390"}],"wp:featuredmedia":[{"embeddable":true,"href":"https:\/\/www.mijas.es\/portal\/wp-json\/wp\/v2\/media\/44380"}],"wp:attachment":[{"href":"https:\/\/www.mijas.es\/portal\/wp-json\/wp\/v2\/media?parent=44389"}],"wp:term":[{"taxonomy":"category","embeddable":true,"href":"https:\/\/www.mijas.es\/portal\/wp-json\/wp\/v2\/categories?post=44389"},{"taxonomy":"post_tag","embeddable":true,"href":"https:\/\/www.mijas.es\/portal\/wp-json\/wp\/v2\/tags?post=44389"}],"curies":[{"name":"wp","href":"https:\/\/api.w.org\/{rel}","templated":true}]}}