{"id":44387,"date":"2021-11-12T12:07:11","date_gmt":"2021-11-12T11:07:11","guid":{"rendered":"https:\/\/www.mijas.es\/portal\/?p=44387"},"modified":"2021-11-12T12:07:13","modified_gmt":"2021-11-12T11:07:13","slug":"los-mayores-de-mijas-fortalecen-su-memoria-en-un-taller-impartido-en-los-tres-nucleos-del-municipio","status":"publish","type":"post","link":"https:\/\/www.mijas.es\/portal\/los-mayores-de-mijas-fortalecen-su-memoria-en-un-taller-impartido-en-los-tres-nucleos-del-municipio\/","title":{"rendered":"Los mayores de Mijas fortalecen su memoria en un taller impartido en los tres n\u00facleos del municipio"},"content":{"rendered":"\n<ul><li>Un total de 85 personas acuden a esta formaci\u00f3n que se desarrolla en el Hogar del Jubilado de Las Lagunas, el de Mijas Pueblo, el Centro de Mayores de La Cala y, como novedad este a\u00f1o, en el Centro C\u00edvico de Las Ca\u00f1adas<\/li><\/ul>\n\n\n\n<p><strong>Mijas, 11 de noviembre de 2021.-<\/strong> La concejala de Tercera Edad, Tamara Vera, ha visitado esta ma\u00f1ana el taller de memoria que se imparte desde hace tres semanas en el Hogar del Jubilado de Las Lagunas, y que tambi\u00e9n acogen respectivamente el Hogar del Jubilado de Mijas Pueblo, el Centro de Mayores de La Cala y, como novedad este a\u00f1o, el Centro C\u00edvico de Las Ca\u00f1adas.&nbsp;<\/p>\n\n\n\n<p>\u00abEste es uno de los talleres m\u00e1s demandados por parte de nuestros mayores y se nota much\u00edsimo los beneficios que obtienen con estos talleres de memoria. Actualmente funcionan seis grupos en el municipio, lo que significa que estamos llegando a 85 personas y la ambici\u00f3n nuestra es seguir creciendo porque es muy importante que todas las herramientas que tenemos en el ayuntamiento las pongamos a su alcance\u00bb, explica Vera, quien ha recordado que este a\u00f1o se ha habilitado una nueva ubicaci\u00f3n \u00aben el Centro C\u00edvico de Las Ca\u00f1adas, ya que es una zona que congrega un gran n\u00famero de personas mayores y quer\u00edamos facilitarle el acceso a este taller a las personas que tienen mayor dificultad para desplazarse\u00bb.<\/p>\n\n\n\n<p>Judith Aguilera es la monitora encargada de impartir este taller en el Hogar del Jubilado de Las Lagunas. \u00abEstamos trabajando la atenci\u00f3n sostenida a trav\u00e9s de una sopa de letras. Yo lo que siempre les pido es que cuando se vayan lo hagan con una sonrisa y que se lo hayan pasado bien\u00bb, asegura. Y parece que sus alumnos lo cumplen seg\u00fan cuenta Manuel Guerrero, quien acude al taller desde hace cinco a\u00f1os. \u00abMe gusta venir porque me va bien y me entretengo\u00bb, asegura. Otra de sus compa\u00f1eras es Lola Cort\u00e9s que, pese a asistir con su amiga de toda la vida Aurelia, asegura que en estos talleres \u00abhe encontrado muchos amigos\u00bb.<\/p>\n\n\n\n<p>\u00abLo m\u00e1s importante es que ellos implementen estos talleres en su d\u00eda a d\u00eda. Estamos iniciando poco a poco todos nuestros talleres, en breve arrancar\u00e1 el de risoterapia y lo que queremos es que ellos compartan sus momentos con otros compa\u00f1eros porque, sin duda, los hogares del jubilado son el apoyo que necesitan nuestros mayores\u00bb, concluye Vera.<\/p>\n","protected":false},"excerpt":{"rendered":"<p>Un total de 85 personas acuden a esta formaci\u00f3n que se desarrolla en el Hogar del Jubilado de Las Lagunas, el de Mijas Pueblo, el Centro de Mayores de La Cala y, como novedad este a\u00f1o, en el Centro C\u00edvico de Las Ca\u00f1adas Mijas, 11 de noviembre de 2021.- La concejala de Tercera Edad, Tamara [&hellip;]<\/p>\n","protected":false},"author":9,"featured_media":44384,"comment_status":"closed","ping_status":"open","sticky":false,"template":"","format":"standard","meta":[],"categories":[1,19],"tags":[],"jetpack_featured_media_url":"https:\/\/www.mijas.es\/wp-content\/uploads\/2021\/11\/20211111-TERCERA-EDAD.-TAMARA-VERA.jpeg","_links":{"self":[{"href":"https:\/\/www.mijas.es\/portal\/wp-json\/wp\/v2\/posts\/44387"}],"collection":[{"href":"https:\/\/www.mijas.es\/portal\/wp-json\/wp\/v2\/posts"}],"about":[{"href":"https:\/\/www.mijas.es\/portal\/wp-json\/wp\/v2\/types\/post"}],"author":[{"embeddable":true,"href":"https:\/\/www.mijas.es\/portal\/wp-json\/wp\/v2\/users\/9"}],"replies":[{"embeddable":true,"href":"https:\/\/www.mijas.es\/portal\/wp-json\/wp\/v2\/comments?post=44387"}],"version-history":[{"count":1,"href":"https:\/\/www.mijas.es\/portal\/wp-json\/wp\/v2\/posts\/44387\/revisions"}],"predecessor-version":[{"id":44388,"href":"https:\/\/www.mijas.es\/portal\/wp-json\/wp\/v2\/posts\/44387\/revisions\/44388"}],"wp:featuredmedia":[{"embeddable":true,"href":"https:\/\/www.mijas.es\/portal\/wp-json\/wp\/v2\/media\/44384"}],"wp:attachment":[{"href":"https:\/\/www.mijas.es\/portal\/wp-json\/wp\/v2\/media?parent=44387"}],"wp:term":[{"taxonomy":"category","embeddable":true,"href":"https:\/\/www.mijas.es\/portal\/wp-json\/wp\/v2\/categories?post=44387"},{"taxonomy":"post_tag","embeddable":true,"href":"https:\/\/www.mijas.es\/portal\/wp-json\/wp\/v2\/tags?post=44387"}],"curies":[{"name":"wp","href":"https:\/\/api.w.org\/{rel}","templated":true}]}}